{"id":244940,"date":"2021-07-29T12:50:18","date_gmt":"2021-07-29T17:50:18","guid":{"rendered":"https:\/\/sintesis.com.mx\/puebla\/?p=244940"},"modified":"2021-07-29T16:31:25","modified_gmt":"2021-07-29T21:31:25","slug":"habras-sanciones-vendan","status":"publish","type":"post","link":"https:\/\/sintesis.com.mx\/puebla\/2021\/07\/29\/habras-sanciones-vendan\/","title":{"rendered":"Habr\u00e1 sanciones para quienes vendan bebidas alcoh\u00f3licas el 1 de agosto"},"content":{"rendered":"<p>La <strong>secretaria de <a href=\"https:\/\/twitter.com\/Segob_Puebla?ref_src=twsrc%5Egoogle%7Ctwcamp%5Eserp%7Ctwgr%5Eauthor\">Gobernaci\u00f3n<\/a> estatal, Ana Luc\u00eda Hill<\/strong>, dio a conocer que habr\u00e1 <strong>sanciones<\/strong> para quienes <strong>vendan bebidas alcoh\u00f3licas el 1 de agosto<\/strong>, fecha en la que se llevar\u00e1 a cabo la <strong>Consulta Popular<\/strong> en <strong>Puebla<\/strong> para juzgar a los <strong>expresidentes de la Rep\u00fablica<\/strong>.<\/p>\n<p>Por lo que dijo que esta prohibici\u00f3n de <strong>venta de bebidas <a href=\"https:\/\/sintesis.com.mx\/puebla\/2021\/07\/28\/puebla-habra-ley-seca\/\">alcoh\u00f3licas<\/a><\/strong> entra en vigor desde el primer minuto del domingo, por lo que estar\u00e1n pendientes de que se d\u00e9 cumplimiento al decreto estatal publicado este d\u00eda.<\/p>\n<p>Coment\u00f3 que la finalidad de prohibir la venta de bebidas alcoh\u00f3licas es para que todo se desarrolle en tranquilidad y pueda existir participaci\u00f3n ciudadana.<\/p>\n<p>En este sentido recomend\u00f3 a la poblaci\u00f3n respetar dicha medida para evitar sanciones, debido a que implementar\u00e1n operativos de revisi\u00f3n en diversas zonas de Puebla.<\/p>\n","protected":false},"excerpt":{"rendered":"<p>La secretaria de Gobernaci\u00f3n estatal, Ana Luc\u00eda Hill, dio a conocer que habr\u00e1 sanciones para quienes vendan bebidas alcoh\u00f3licas el 1 de agosto, fecha en la que se llevar\u00e1 a cabo la Consulta Popular en Puebla para juzgar a los expresidentes de la Rep\u00fablica. Por lo que dijo que esta prohibici\u00f3n de venta de bebidas [&hellip;]<\/p>\n","protected":false},"author":26,"featured_media":0,"comment_status":"open","ping_status":"open","sticky":false,"template":"","format":"standard","meta":{"footnotes":""},"categories":[72262,3,11],"tags":[74297,8639,26500,3298,18,1731,23,6198],"yst_prominent_words":[39077,34078,39075,30091,29562,30043,31098,39490,39482],"class_list":["post-244940","post","type-post","status-publish","format-standard","hentry","category-gobierno","category-puebla","category-slide","tag-alcoholicas","tag-bebidas","tag-consultas-ciudadanas","tag-gobierno","tag-puebla","tag-sancion","tag-slide","tag-venta"],"_links":{"self":[{"href":"https:\/\/sintesis.com.mx\/puebla\/wp-json\/wp\/v2\/posts\/244940"}],"collection":[{"href":"https:\/\/sintesis.com.mx\/puebla\/wp-json\/wp\/v2\/posts"}],"about":[{"href":"https:\/\/sintesis.com.mx\/puebla\/wp-json\/wp\/v2\/types\/post"}],"author":[{"embeddable":true,"href":"https:\/\/sintesis.com.mx\/puebla\/wp-json\/wp\/v2\/users\/26"}],"replies":[{"embeddable":true,"href":"https:\/\/sintesis.com.mx\/puebla\/wp-json\/wp\/v2\/comments?post=244940"}],"version-history":[{"count":0,"href":"https:\/\/sintesis.com.mx\/puebla\/wp-json\/wp\/v2\/posts\/244940\/revisions"}],"wp:attachment":[{"href":"https:\/\/sintesis.com.mx\/puebla\/wp-json\/wp\/v2\/media?parent=244940"}],"wp:term":[{"taxonomy":"category","embeddable":true,"href":"https:\/\/sintesis.com.mx\/puebla\/wp-json\/wp\/v2\/categories?post=244940"},{"taxonomy":"post_tag","embeddable":true,"href":"https:\/\/sintesis.com.mx\/puebla\/wp-json\/wp\/v2\/tags?post=244940"},{"taxonomy":"yst_prominent_words","embeddable":true,"href":"https:\/\/sintesis.com.mx\/puebla\/wp-json\/wp\/v2\/yst_prominent_words?post=244940"}],"curies":[{"name":"wp","href":"https:\/\/api.w.org\/{rel}","templated":true}]}}