{"id":246318,"date":"2021-08-07T13:58:24","date_gmt":"2021-08-07T18:58:24","guid":{"rendered":"https:\/\/sintesis.com.mx\/puebla\/?p=246318"},"modified":"2021-08-07T14:01:43","modified_gmt":"2021-08-07T19:01:43","slug":"padres-familia-empeno","status":"publish","type":"post","link":"https:\/\/sintesis.com.mx\/puebla\/2021\/08\/07\/padres-familia-empeno\/","title":{"rendered":"Padres de familia recurren al empe\u00f1o"},"content":{"rendered":"<p>Padres de<strong> familia recurren al <a href=\"https:\/\/sintesis.com.mx\/puebla\/2020\/07\/26\/empeno-de-aparatos-de-telefonia-celular\/\">empe\u00f1o<\/a> de prendas<\/strong> y <strong>art\u00edculos<\/strong> de valor para poder solventar los gastos que tendr\u00e1n que efectuar por el regreso a clases de sus hijos y por los gastos m\u00e9dicos que tienen que <strong>enfrentar por enfermedades<\/strong>, as\u00ed lo informaron en entrevista algunos ciudadanos que <strong>acudieron este s\u00e1bado a casas de empe\u00f1o<\/strong>.<\/p>\n<p>Aunado a lo anterior mencionaron que es preocupante que hay disminuci\u00f3n de salario y recorte de personal en diversas empresas, por ello es que tuvieron que encontrar soluciones a sus problemas financieros.<\/p>\n<p>En este mismo sentido expresaron que el promedio de gasto que pretenden hacer por hijo es superior a los dos mil 500 pesos y eso en escuelas p\u00fablicas, ya que en el caso de colegios particulares le calculan un estimado de gasto de cinco mil pesos.<\/p>\n<p>Expresaron para S\u00edntesis que muchos han emprendido la cultura del ahorro para poder solventar sus gastos y dejar de acudir a diversiones; pero a\u00fan as\u00ed no les alcanza el recurso para enfrentar todos sus gastos.<\/p>\n<p>Mujeres y hombres se\u00f1alaron que es urgente que se mejoren los salarios en Puebla, as\u00ed como tambi\u00e9n se creen otras fuentes de trabajo que permitan tener mayores alternativas de ingresos para las familias.<\/p>\n<p>Cabe mencionar que este s\u00e1bado padres de familia acudieron a realizar recorridos por papeler\u00edas para hacer lista de precios y comparar los costos de los productos para ir comprando art\u00edculos que los menores ocupar\u00e1n con el regreso a clases de forma presencial, a partir del 30 de agosto.<\/p>\n","protected":false},"excerpt":{"rendered":"<p>Padres de familia recurren al empe\u00f1o de prendas y art\u00edculos de valor para poder solventar los gastos que tendr\u00e1n que efectuar por el regreso a clases de sus hijos y por los gastos m\u00e9dicos que tienen que enfrentar por enfermedades, as\u00ed lo informaron en entrevista algunos ciudadanos que acudieron este s\u00e1bado a casas de empe\u00f1o. [&hellip;]<\/p>\n","protected":false},"author":26,"featured_media":0,"comment_status":"open","ping_status":"open","sticky":false,"template":"","format":"standard","meta":{"footnotes":""},"categories":[72263,3,11],"tags":[19670,35736,74528,3310,18,3960,23,8253],"yst_prominent_words":[36691,34434,33518,31525,33747,45892,29919,42388,38902,29926,29916,29578,30941,40816,30108,32286],"class_list":["post-246318","post","type-post","status-publish","format-standard","hentry","category-capital","category-puebla","category-slide","tag-capital","tag-covid","tag-lista-de-utiles","tag-precios","tag-puebla","tag-regreso-a-clases","tag-slide","tag-slideapp"],"_links":{"self":[{"href":"https:\/\/sintesis.com.mx\/puebla\/wp-json\/wp\/v2\/posts\/246318"}],"collection":[{"href":"https:\/\/sintesis.com.mx\/puebla\/wp-json\/wp\/v2\/posts"}],"about":[{"href":"https:\/\/sintesis.com.mx\/puebla\/wp-json\/wp\/v2\/types\/post"}],"author":[{"embeddable":true,"href":"https:\/\/sintesis.com.mx\/puebla\/wp-json\/wp\/v2\/users\/26"}],"replies":[{"embeddable":true,"href":"https:\/\/sintesis.com.mx\/puebla\/wp-json\/wp\/v2\/comments?post=246318"}],"version-history":[{"count":0,"href":"https:\/\/sintesis.com.mx\/puebla\/wp-json\/wp\/v2\/posts\/246318\/revisions"}],"wp:attachment":[{"href":"https:\/\/sintesis.com.mx\/puebla\/wp-json\/wp\/v2\/media?parent=246318"}],"wp:term":[{"taxonomy":"category","embeddable":true,"href":"https:\/\/sintesis.com.mx\/puebla\/wp-json\/wp\/v2\/categories?post=246318"},{"taxonomy":"post_tag","embeddable":true,"href":"https:\/\/sintesis.com.mx\/puebla\/wp-json\/wp\/v2\/tags?post=246318"},{"taxonomy":"yst_prominent_words","embeddable":true,"href":"https:\/\/sintesis.com.mx\/puebla\/wp-json\/wp\/v2\/yst_prominent_words?post=246318"}],"curies":[{"name":"wp","href":"https:\/\/api.w.org\/{rel}","templated":true}]}}