{"id":246486,"date":"2021-08-09T10:35:08","date_gmt":"2021-08-09T15:35:08","guid":{"rendered":"https:\/\/sintesis.com.mx\/puebla\/?p=246486"},"modified":"2021-08-09T10:35:08","modified_gmt":"2021-08-09T15:35:08","slug":"precio-gas-lp-puebla","status":"publish","type":"post","link":"https:\/\/sintesis.com.mx\/puebla\/2021\/08\/09\/precio-gas-lp-puebla\/","title":{"rendered":"El precio del Gas LP en Puebla aument\u00f3 30% este a\u00f1o"},"content":{"rendered":"<p>En este a\u00f1o <strong>increment\u00f3 un 30 por ciento el precio del <a href=\"https:\/\/sintesis.com.mx\/puebla\/2021\/08\/08\/dispara-precio-gas\/\">Gas LP<\/a><\/strong>, as\u00ed lo dio a conocer el <strong>presidente de la C\u00e1mara Nacional de la Industria de Transformaci\u00f3n (<a href=\"https:\/\/twitter.com\/canacintrap?ref_src=twsrc%5Egoogle%7Ctwcamp%5Eserp%7Ctwgr%5Eauthor\">Canacintra<\/a>), Luis Espinosa Rueda<\/strong>.<\/p>\n<p>En conferencia de prensa, mencion\u00f3 que esto refleja la poca eficacia que hay en el producto y los altos costos que tiene.<\/p>\n<p>\u201cEn el caso de Texas aumento un 62 por ciento el precio del\u00a0Gas LP, situaci\u00f3n que demuestra la problem\u00e1tica que existe en torno al tema\u201d, precis\u00f3.<\/p>\n<p>Por otra parte, lament\u00f3 que haya pobladores hayan ingresado al interior de la empresa Bonafont\u00a0y tomaran las instalaciones afectando a los due\u00f1os de esta planta, la cual\u00a0lleva m\u00e1s de 120 d\u00edas cerrada.<\/p>\n<p>Por lo que pidi\u00f3 a las autoridades correspondientes tomar cartas en el asunto y resolver el problema que existe en la zona, en donde no s\u00f3lo se afecta a la empresa, sino tambi\u00e9n con el cierre de la vialidad en la zona.<\/p>\n<p><strong>S\u00f3lo se han recuperado 400 de <\/strong><strong>nueve <\/strong><strong>mil empleos perdidos<\/strong><\/p>\n<p>En otro tema, el presidente del sector de Consultor\u00eda y Servicios de Canacintra, Javier Jara, report\u00f3 que el a\u00f1o pasado se perdieron 9 mil empleos, de los cuales s\u00f3lo en este a\u00f1o se han recuperado 400 fuentes de trabajo.<\/p>\n<p>En este mismo sentido, dijo que los empleos perdidos fueron en los sectores financieros, de inmuebles, alquiler, servicios de alimentos, as\u00ed como en servicios recreativos, el sector automotriz, entre otros rubros.<\/p>\n","protected":false},"excerpt":{"rendered":"<p>En este a\u00f1o increment\u00f3 un 30 por ciento el precio del Gas LP, as\u00ed lo dio a conocer el presidente de la C\u00e1mara Nacional de la Industria de Transformaci\u00f3n (Canacintra), Luis Espinosa Rueda. En conferencia de prensa, mencion\u00f3 que esto refleja la poca eficacia que hay en el producto y los altos costos que tiene. [&hellip;]<\/p>\n","protected":false},"author":26,"featured_media":0,"comment_status":"open","ping_status":"open","sticky":false,"template":"","format":"standard","meta":{"footnotes":""},"categories":[3,11],"tags":[341,19670,35736,7264,4826,19634,18,23,8253],"yst_prominent_words":[30005,34454,30276,40648,32422,30288,30434,41393,59440,59441,30432,68190,68188,30887,30155,30479,30505],"class_list":["post-246486","post","type-post","status-publish","format-standard","hentry","category-puebla","category-slide","tag-canacintra","tag-capital","tag-covid","tag-empleos","tag-gas","tag-precio","tag-puebla","tag-slide","tag-slideapp"],"_links":{"self":[{"href":"https:\/\/sintesis.com.mx\/puebla\/wp-json\/wp\/v2\/posts\/246486"}],"collection":[{"href":"https:\/\/sintesis.com.mx\/puebla\/wp-json\/wp\/v2\/posts"}],"about":[{"href":"https:\/\/sintesis.com.mx\/puebla\/wp-json\/wp\/v2\/types\/post"}],"author":[{"embeddable":true,"href":"https:\/\/sintesis.com.mx\/puebla\/wp-json\/wp\/v2\/users\/26"}],"replies":[{"embeddable":true,"href":"https:\/\/sintesis.com.mx\/puebla\/wp-json\/wp\/v2\/comments?post=246486"}],"version-history":[{"count":0,"href":"https:\/\/sintesis.com.mx\/puebla\/wp-json\/wp\/v2\/posts\/246486\/revisions"}],"wp:attachment":[{"href":"https:\/\/sintesis.com.mx\/puebla\/wp-json\/wp\/v2\/media?parent=246486"}],"wp:term":[{"taxonomy":"category","embeddable":true,"href":"https:\/\/sintesis.com.mx\/puebla\/wp-json\/wp\/v2\/categories?post=246486"},{"taxonomy":"post_tag","embeddable":true,"href":"https:\/\/sintesis.com.mx\/puebla\/wp-json\/wp\/v2\/tags?post=246486"},{"taxonomy":"yst_prominent_words","embeddable":true,"href":"https:\/\/sintesis.com.mx\/puebla\/wp-json\/wp\/v2\/yst_prominent_words?post=246486"}],"curies":[{"name":"wp","href":"https:\/\/api.w.org\/{rel}","templated":true}]}}