{"id":246653,"date":"2021-08-09T18:27:20","date_gmt":"2021-08-09T23:27:20","guid":{"rendered":"https:\/\/sintesis.com.mx\/puebla\/?p=246653"},"modified":"2021-08-09T18:27:20","modified_gmt":"2021-08-09T23:27:20","slug":"abre-buap-convocatoria","status":"publish","type":"post","link":"https:\/\/sintesis.com.mx\/puebla\/2021\/08\/09\/abre-buap-convocatoria\/","title":{"rendered":"Abre la BUAP convocatoria de apoyos para incubaci\u00f3n de empresas de base social"},"content":{"rendered":"<p>Con la <strong>intenci\u00f3n de impulsar el talento y la innovaci\u00f3n de los universitarios<\/strong>, la <a href=\"https:\/\/twitter.com\/BUAPoficial?ref_src=twsrc%5Egoogle%7Ctwcamp%5Eserp%7Ctwgr%5Eauthor\"><strong>BUAP<\/strong> <\/a>a trav\u00e9s de la <strong><a href=\"https:\/\/sintesis.com.mx\/puebla\/2021\/08\/09\/investigadores-buap-desarrollan-2\/\">Vicerrector\u00eda<\/a> de Investigaci\u00f3n y Estudios de Posgrado y la Direcci\u00f3n de Innovaci\u00f3n Transferencia del Conocimiento<\/strong> invitan a su comunidad a participar en el programa oto\u00f1o-invierno 2021 de apoyo para la incubaci\u00f3n de empresas de base social, con l\u00edmite de registro el 10 de septiembre.<\/p>\n<p>Orientar, acompa\u00f1ar en los diferentes procesos e impulsar la creaci\u00f3n y crecimiento de peque\u00f1as o microempresas en sus primeras etapas de vida son algunos de los objetivos de las incubadoras, organismos de gesti\u00f3n que apoyan a emprendedores en la elaboraci\u00f3n de su plan de negocios, apertura de su empresa, as\u00ed como en el incremento de su tasa de \u00e9xito.<\/p>\n<p>Estos apoyos est\u00e1n contemplados en el Plan de Desarrollo Institucional 2017-2021 dentro del Programa de Gesti\u00f3n Eficiente y Buen Gobierno que establece como meta apoyar la generaci\u00f3n de patentes, licencias, creaci\u00f3n de empresas y consultor\u00eda al sector productivo.<\/p>\n<p>Para ser beneficiario de estos apoyos los interesados deber\u00e1n acreditarse como miembros de la Universidad o bien egresados, adem\u00e1s de que sus proyectos tendr\u00e1n que apegarse al menos a dos de los 17 Objetivos de Desarrollo Sostenible enmarcados en la agenda 2030 de la ONU, tales como: fin de la pobreza, hambre cero, salud y bienestar, educaci\u00f3n de calidad, igualdad de g\u00e9nero, agua y saneamiento, entre otros.<\/p>\n<p>De esta forma, los emprendedores que busquen esta mentor\u00eda pueden consultar la p\u00e1gina https:\/\/ditco.buap.mx\/?q=pdf\/apoyo-la-incubacion-de-empresas-de-base-social-2021 para acceder a los requisitos de esta convocatoria. Los resultados de los proyectos seleccionados se dar\u00e1n a conocer el pr\u00f3ximo 30 de septiembre en la direcci\u00f3n https:\/\/ditco.buap.mx\/<\/p>\n<p>Las personas que resulten beneficiadas podr\u00e1n participar en un proceso de incubaci\u00f3n a trav\u00e9s del cual recibir\u00e1n asesor\u00eda y acompa\u00f1amiento en su plan de negocios, adem\u00e1s tendr\u00e1n la propuesta de un logotipo con la opci\u00f3n de modificaci\u00f3n, as\u00ed como la participaci\u00f3n a los nueve m\u00f3dulos que conforman el plan de incubaci\u00f3n de la DITCO-BUAP.<\/p>\n\n","protected":false},"excerpt":{"rendered":"<p>Con la intenci\u00f3n de impulsar el talento y la innovaci\u00f3n de los universitarios, la BUAP a trav\u00e9s de la Vicerrector\u00eda de Investigaci\u00f3n y Estudios de Posgrado y la Direcci\u00f3n de Innovaci\u00f3n Transferencia del Conocimiento invitan a su comunidad a participar en el programa oto\u00f1o-invierno 2021 de apoyo para la incubaci\u00f3n de empresas de base social, [&hellip;]<\/p>\n","protected":false},"author":26,"featured_media":0,"comment_status":"open","ping_status":"open","sticky":false,"template":"","format":"standard","meta":{"footnotes":""},"categories":[46847,3,11],"tags":[57639,15877,55111,311,221,1879,47256,74583,18,23,8253,27690],"yst_prominent_words":[31636,35481,29923,30804,69300,30295,32537,31219,53662,30323,44164,33057,30632,29577,31768,40876,30142],"class_list":["post-246653","post","type-post","status-publish","format-standard","hentry","category-esfera-universitaria","category-puebla","category-slide","tag-abre","tag-apoyos","tag-base","tag-buap","tag-convocatoria","tag-empresas","tag-esfera-universitaria","tag-incubacion","tag-puebla","tag-slide","tag-slideapp","tag-social"],"_links":{"self":[{"href":"https:\/\/sintesis.com.mx\/puebla\/wp-json\/wp\/v2\/posts\/246653"}],"collection":[{"href":"https:\/\/sintesis.com.mx\/puebla\/wp-json\/wp\/v2\/posts"}],"about":[{"href":"https:\/\/sintesis.com.mx\/puebla\/wp-json\/wp\/v2\/types\/post"}],"author":[{"embeddable":true,"href":"https:\/\/sintesis.com.mx\/puebla\/wp-json\/wp\/v2\/users\/26"}],"replies":[{"embeddable":true,"href":"https:\/\/sintesis.com.mx\/puebla\/wp-json\/wp\/v2\/comments?post=246653"}],"version-history":[{"count":0,"href":"https:\/\/sintesis.com.mx\/puebla\/wp-json\/wp\/v2\/posts\/246653\/revisions"}],"wp:attachment":[{"href":"https:\/\/sintesis.com.mx\/puebla\/wp-json\/wp\/v2\/media?parent=246653"}],"wp:term":[{"taxonomy":"category","embeddable":true,"href":"https:\/\/sintesis.com.mx\/puebla\/wp-json\/wp\/v2\/categories?post=246653"},{"taxonomy":"post_tag","embeddable":true,"href":"https:\/\/sintesis.com.mx\/puebla\/wp-json\/wp\/v2\/tags?post=246653"},{"taxonomy":"yst_prominent_words","embeddable":true,"href":"https:\/\/sintesis.com.mx\/puebla\/wp-json\/wp\/v2\/yst_prominent_words?post=246653"}],"curies":[{"name":"wp","href":"https:\/\/api.w.org\/{rel}","templated":true}]}}