{"id":248374,"date":"2021-08-20T07:00:41","date_gmt":"2021-08-20T12:00:41","guid":{"rendered":"https:\/\/sintesis.com.mx\/puebla\/?p=248374"},"modified":"2021-08-19T21:06:25","modified_gmt":"2021-08-20T02:06:25","slug":"posdata-18","status":"publish","type":"post","link":"https:\/\/sintesis.com.mx\/puebla\/2021\/08\/20\/posdata-18\/","title":{"rendered":"Posdata"},"content":{"rendered":"<p>Si hasta parece un chiste mal contado, y una historia de esas que dan risa porque no se entiende el fondo del problema.<\/p>\n<p>&nbsp;<\/p>\n<p>Porque, aunque es evidentemente pol\u00edtico, el \u201cpalmeragate\u201d parece francamente una vacilada. Un tema ligero y superficial que no merece la menor de las importancias, como dijera el cl\u00e1sico.<\/p>\n<p>&nbsp;<\/p>\n<p>Desde luego, el nuevo y reciente enfrentamiento entre el Ayuntamiento de Puebla y el Gobierno del Estado es una nueva afrenta entre ambos bandos, entre los buenos y los malos, aunque no se sepa qui\u00e9n es qui\u00e9n.<\/p>\n<p>&nbsp;<\/p>\n<p>Lo cierto, es que, s\u00ed, algo est\u00e1 muy claro.<\/p>\n<p>&nbsp;<\/p>\n<p>As\u00ed es, que el gobernador <strong>Luis Miguel Barbosa Huerta<\/strong> nunca le va a perdonar a la a\u00fan presidenta municipal, <strong>Claudia Rivera Vivanco<\/strong>, que lo haya traicionado desde aquella campa\u00f1a en la que, se dice, ella pact\u00f3 con el morenovallismo.<\/p>\n<p>&nbsp;<\/p>\n<p>Cosa, por cierto, que ignor\u00f3, o que dej\u00f3 pasar, o que supo y aval\u00f3, el gobierno de la rep\u00fablica y el presidente <strong>Andr\u00e9s Manuel L\u00f3pez Obrador<\/strong>.<\/p>\n<p>&nbsp;<\/p>\n<p>Que cosas con los \u201cmorenos\u201d, \u00bfno?<\/p>\n<p>&nbsp;<\/p>\n<p>Empero, el sorprendente tema de las palmeras y el \u201cgrave ecocidio\u201d perpetrado en la capital no es m\u00e1s que otro ejemplo de que Morena, el partido, su militancia y liderazgos, est\u00e1n divididos y peleados a muerte en la entidad.<\/p>\n<p>&nbsp;<\/p>\n<p>Me pregunto \u00bfqu\u00e9 necesidad de ejecutar el corte de palmeras y dem\u00e1s ejemplares verdes en la capital, al cuarto para la hora de dejar el poder?<\/p>\n<p>&nbsp;<\/p>\n<p>Y voy m\u00e1s all\u00e1, \u00bfqu\u00e9 necesidad de ordenar y ejecutar gastos y gastos millonarios en obras que no se hicieron en los \u00faltimos tres a\u00f1os en la ciudad?<\/p>\n<p>&nbsp;<\/p>\n<p>\u00bfQu\u00e9 necesidad de pretender una supuesta elecci\u00f3n en Juntas Auxiliares?<\/p>\n<p>&nbsp;<\/p>\n<p>\u00bfPor revancha, o por qu\u00e9, o para qu\u00e9?<\/p>\n<p>&nbsp;<\/p>\n<p>Francamente, esto es una chingadera.<\/p>\n<p>&nbsp;<\/p>\n<p>\u00bfO como llamarle?<\/p>\n<p>&nbsp;<\/p>\n<p>\u00bfPara qu\u00e9 desgastar m\u00e1s la imagen de la actual administraci\u00f3n municipal, si ya de por s\u00ed est\u00e1 jodida?<\/p>\n<p>&nbsp;<\/p>\n<p>\u00bfPara qu\u00e9 carajo alborotar m\u00e1s el gallinero y pelear?<\/p>\n<p>&nbsp;<\/p>\n<p>\u00bfNo hiciste una fregada en un periodo completo de trabajo, y lo quieres hacer hoy, en dos o tres meses?<\/p>\n<p>&nbsp;<\/p>\n<p>\u00bfNo es absurdo?<\/p>\n<p>&nbsp;<\/p>\n<p>Morena y sus gobernantes \u00bfson un chiste, o una mentada?<\/p>\n<p>&nbsp;<\/p>\n<p>Los ciudadanos, y la opini\u00f3n, p\u00fablica, ya no sabemos si re\u00edr, llorar, hacer berrinche, burlarnos, lamentarnos, o qu\u00e9 carajo hacer.<\/p>\n<p>&nbsp;<\/p>\n<p>\u00bfQu\u00e9 necesidad de centrarse en temas tan irracionales cuando las carencias de la ciudad son enormes e infinitas?<\/p>\n<p>&nbsp;<\/p>\n<p>Baches, inseguridad, desempleo, crisis econ\u00f3mica, contagios al por mayor, graves dificultades en el sistema educativo, miedo social, terror al Covid, zozobra, persecuci\u00f3n pol\u00edtica, aprietos en el turismo, en fin, todo un caos.<\/p>\n<p>&nbsp;<\/p>\n<p>Y, despu\u00e9s, all\u00ed est\u00e1n los villamelones del medio ambiente.<\/p>\n<p>&nbsp;<\/p>\n<p>Aquellos que no tienen ni la menor idea, ni el inter\u00e9s, ni el pudor de preocuparse nunca por la ecolog\u00eda y los espacios verdes en Puebla, pero que ya salieron a reprobar el \u201cpalmeragate\u201d.<\/p>\n<p>&nbsp;<\/p>\n<p>Por favor, \u00bfahora todos son especialistas en bot\u00e1nica?<\/p>\n<p>&nbsp;<\/p>\n<p>El caso m\u00e1s rid\u00edculo es el del Partido Verde Ecologista de M\u00e9xico (PVEM) en Puebla, liderado por mi amigo <strong>Jaime Natale Uranga<\/strong>, quien es muy buena gente, pero como pol\u00edtico ambientalista le falla de a feo la cosa.<\/p>\n<p>&nbsp;<\/p>\n<p>Y luego el PAN, que le hace segunda.<\/p>\n<p>&nbsp;<\/p>\n<p>Por supuesto que es totalmente reprobable que haya sido m\u00e1s f\u00e1cil para el gobierno de la ciudad llegar, cortar y rajarles la vida a las palmeras enfermas, que cuidarlas durante tres largos a\u00f1os, pero de eso a que pretendan que se les crea que est\u00e1n preocupados por el medio ambiente y la ecolog\u00eda, francamente da risa.<\/p>\n<p>&nbsp;<\/p>\n<p>Eso s\u00ed, a ver si el gobierno de la ciudad deja ya de estar polemizando.<\/p>\n<p>&nbsp;<\/p>\n<p>Porque se empe\u00f1a en dejar mal a su partido.<\/p>\n<p>&nbsp;<\/p>\n<p>Que pena.<\/p>\n<p>&nbsp;<\/p>\n<p>&#8212;&#8212;&#8212;&#8212;&#8212;&#8212;&#8212;&#8212;-<\/p>\n<p>&nbsp;<\/p>\n<p>Quien esto escribe tuvo la necesidad de ausentarse por contagio de Covid-19, afortunadamente, y gracias a Dios, la atenci\u00f3n de los m\u00e9dicos parece haber llegado muy a tiempo y la recuperaci\u00f3n es lenta, pero va muy bien.<\/p>\n<p>&nbsp;<\/p>\n<p>Empero, esto me sirvi\u00f3 como experiencia porque en Puebla, y seguramente en el resto del pa\u00eds, est\u00e1 infestado de contagios que no se suman a las cifras oficiales.<\/p>\n<p>&nbsp;<\/p>\n<p>Y es que la atenci\u00f3n que dan muchos hospitales y cl\u00ednicas a los enfermos de Covid parece que no necesariamente son contabilizadas.<\/p>\n<p>&nbsp;<\/p>\n<p>Hay mucha gente que se realiza pruebas con sus m\u00e9dicos de cabecera pero que, al ser casos no tan graves, no se contabilizan oficialmente por diversas razones, una de ellas porque los doctores no se dan abasto y prefieren no perder el tiempo sumando sino atendiendo a sus pacientes.<\/p>\n<p>&nbsp;<\/p>\n<p>Adem\u00e1s, porque el gobierno, dicen, no les ayuda en un carajo.<\/p>\n<p>&nbsp;<\/p>\n<p>El comentario viene a cuenta porque la recomendaci\u00f3n es que todos los poblanos se sigan cuidando, no hay mejor lucha contra el virus que la personal, que cada quien tome las medidas necesarias, pertinentes.<\/p>\n<p>&nbsp;<\/p>\n<p>Hay que ser muy responsables porque esta enfermedad es la muerte.<\/p>\n<p>&nbsp;<\/p>\n<p>As\u00ed que a cuidarse y a cuidar a los dem\u00e1s, sobre todo a los ni\u00f1os.<\/p>\n<p>&nbsp;<\/p>\n<p>Dios los bendiga.<\/p>\n<p>&nbsp;<\/p>\n<p><strong>poncharelazo@yahoo.com.mx<\/strong><\/p>\n<p><strong>En twitter: @poncharelazo<\/strong><\/p>\n<p><strong>Facebook: Alfonso Gonz\u00e1lez<\/strong><\/p>\n<p>&nbsp;<\/p>\n","protected":false},"excerpt":{"rendered":"<p>Si hasta parece un chiste mal contado, y una historia de esas que dan risa porque no se entiende el fondo del problema. &nbsp; Porque, aunque es evidentemente pol\u00edtico, el \u201cpalmeragate\u201d parece francamente una vacilada. Un tema ligero y superficial que no merece la menor de las importancias, como dijera el cl\u00e1sico. &nbsp; Desde luego, [&hellip;]<\/p>\n","protected":false},"author":33,"featured_media":226891,"comment_status":"open","ping_status":"open","sticky":false,"template":"","format":"standard","meta":{"footnotes":""},"categories":[7],"tags":[65,27,8254,5669],"yst_prominent_words":[31815,29666,36360,57746,29786,38814,29565,31022,30688,29816,31389,30086,30167,29562,30505],"class_list":["post-248374","post","type-post","status-publish","format-standard","has-post-thumbnail","hentry","category-vox","tag-esnoticia","tag-hoyesnoticia","tag-hoyesnoticiaapp","tag-vox"],"_links":{"self":[{"href":"https:\/\/sintesis.com.mx\/puebla\/wp-json\/wp\/v2\/posts\/248374"}],"collection":[{"href":"https:\/\/sintesis.com.mx\/puebla\/wp-json\/wp\/v2\/posts"}],"about":[{"href":"https:\/\/sintesis.com.mx\/puebla\/wp-json\/wp\/v2\/types\/post"}],"author":[{"embeddable":true,"href":"https:\/\/sintesis.com.mx\/puebla\/wp-json\/wp\/v2\/users\/33"}],"replies":[{"embeddable":true,"href":"https:\/\/sintesis.com.mx\/puebla\/wp-json\/wp\/v2\/comments?post=248374"}],"version-history":[{"count":0,"href":"https:\/\/sintesis.com.mx\/puebla\/wp-json\/wp\/v2\/posts\/248374\/revisions"}],"wp:featuredmedia":[{"embeddable":true,"href":"https:\/\/sintesis.com.mx\/puebla\/wp-json\/wp\/v2\/media\/226891"}],"wp:attachment":[{"href":"https:\/\/sintesis.com.mx\/puebla\/wp-json\/wp\/v2\/media?parent=248374"}],"wp:term":[{"taxonomy":"category","embeddable":true,"href":"https:\/\/sintesis.com.mx\/puebla\/wp-json\/wp\/v2\/categories?post=248374"},{"taxonomy":"post_tag","embeddable":true,"href":"https:\/\/sintesis.com.mx\/puebla\/wp-json\/wp\/v2\/tags?post=248374"},{"taxonomy":"yst_prominent_words","embeddable":true,"href":"https:\/\/sintesis.com.mx\/puebla\/wp-json\/wp\/v2\/yst_prominent_words?post=248374"}],"curies":[{"name":"wp","href":"https:\/\/api.w.org\/{rel}","templated":true}]}}