{"id":248653,"date":"2021-08-22T17:06:46","date_gmt":"2021-08-22T22:06:46","guid":{"rendered":"https:\/\/sintesis.com.mx\/puebla\/?p=248653"},"modified":"2021-08-22T17:06:46","modified_gmt":"2021-08-22T22:06:46","slug":"envia-sedif-paquetes","status":"publish","type":"post","link":"https:\/\/sintesis.com.mx\/puebla\/2021\/08\/22\/envia-sedif-paquetes\/","title":{"rendered":"Env\u00eda SEDIF paquetes alimentarios para familias afectadas por hurac\u00e1n \u00abGrace\u00bb"},"content":{"rendered":"<p>Con el prop\u00f3sito de <strong>atender las necesidades de las <a href=\"https:\/\/sintesis.com.mx\/puebla\/2021\/08\/22\/derrumbe-cerretera-azumbilla\/\">familias<\/a> afectadas<\/strong> por el <strong>hurac\u00e1n \u201cGrace\u201d,<\/strong> el <strong>Sistema para el Desarrollo Integral de la Familia del Estado de Puebla (<a href=\"https:\/\/twitter.com\/DIFGobPue?ref_src=twsrc%5Egoogle%7Ctwcamp%5Eserp%7Ctwgr%5Eauthor\">SEDIF<\/a>)<\/strong> envi\u00f3 <strong>paquetes alimentarios al municipio de Zacatl\u00e1n<\/strong>, a fin de que sean <strong>distribuidos en diversas comunidades de la Sierra Norte<\/strong>.<\/p>\n<p>Estos apoyos del programa \u201cCadena de Solidaridad\u201d, fueron instruidos por el gobernador Miguel Barbosa Huerta; por la presidenta honoraria del Patronato del SEDIF, Rosario Orozco Caballero y por la directora general del organismo, Leonor Vargas Gallegos.<\/p>\n<p>Tras el paso del fen\u00f3meno meteorol\u00f3gico por Puebla, el organismo, a trav\u00e9s de las Unidades de Apoyo Ejecutivo y Vinculaci\u00f3n Social y Asistencia Social y Salud, as\u00ed como la Direcci\u00f3n de Delegaciones contribuyen con la Secretar\u00eda de Gobernaci\u00f3n, la Coordinaci\u00f3n General de Protecci\u00f3n Civil del Estado de Puebla y autoridades municipales, con el objetivo de atender a la poblaci\u00f3n afectada.<\/p>\n\n","protected":false},"excerpt":{"rendered":"<p>Con el prop\u00f3sito de atender las necesidades de las familias afectadas por el hurac\u00e1n \u201cGrace\u201d, el Sistema para el Desarrollo Integral de la Familia del Estado de Puebla (SEDIF) envi\u00f3 paquetes alimentarios al municipio de Zacatl\u00e1n, a fin de que sean distribuidos en diversas comunidades de la Sierra Norte. Estos apoyos del programa \u201cCadena de [&hellip;]<\/p>\n","protected":false},"author":26,"featured_media":0,"comment_status":"open","ping_status":"open","sticky":false,"template":"","format":"standard","meta":{"footnotes":""},"categories":[72262,3,11],"tags":[71919,72317,74876,3789,3298,74815,3450,69236,18,478,23,8253],"yst_prominent_words":[32188,33097,29562,53028,30413],"class_list":["post-248653","post","type-post","status-publish","format-standard","hentry","category-gobierno","category-puebla","category-slide","tag-afectadas","tag-alimentarios","tag-envia","tag-familias","tag-gobierno","tag-grace","tag-huracan","tag-paquetes","tag-puebla","tag-sedif","tag-slide","tag-slideapp"],"_links":{"self":[{"href":"https:\/\/sintesis.com.mx\/puebla\/wp-json\/wp\/v2\/posts\/248653"}],"collection":[{"href":"https:\/\/sintesis.com.mx\/puebla\/wp-json\/wp\/v2\/posts"}],"about":[{"href":"https:\/\/sintesis.com.mx\/puebla\/wp-json\/wp\/v2\/types\/post"}],"author":[{"embeddable":true,"href":"https:\/\/sintesis.com.mx\/puebla\/wp-json\/wp\/v2\/users\/26"}],"replies":[{"embeddable":true,"href":"https:\/\/sintesis.com.mx\/puebla\/wp-json\/wp\/v2\/comments?post=248653"}],"version-history":[{"count":0,"href":"https:\/\/sintesis.com.mx\/puebla\/wp-json\/wp\/v2\/posts\/248653\/revisions"}],"wp:attachment":[{"href":"https:\/\/sintesis.com.mx\/puebla\/wp-json\/wp\/v2\/media?parent=248653"}],"wp:term":[{"taxonomy":"category","embeddable":true,"href":"https:\/\/sintesis.com.mx\/puebla\/wp-json\/wp\/v2\/categories?post=248653"},{"taxonomy":"post_tag","embeddable":true,"href":"https:\/\/sintesis.com.mx\/puebla\/wp-json\/wp\/v2\/tags?post=248653"},{"taxonomy":"yst_prominent_words","embeddable":true,"href":"https:\/\/sintesis.com.mx\/puebla\/wp-json\/wp\/v2\/yst_prominent_words?post=248653"}],"curies":[{"name":"wp","href":"https:\/\/api.w.org\/{rel}","templated":true}]}}