{"id":249064,"date":"2021-08-24T17:19:04","date_gmt":"2021-08-24T22:19:04","guid":{"rendered":"https:\/\/sintesis.com.mx\/puebla\/?p=249064"},"modified":"2021-08-24T17:19:04","modified_gmt":"2021-08-24T22:19:04","slug":"eduardo-rivera-perez-4","status":"publish","type":"post","link":"https:\/\/sintesis.com.mx\/puebla\/2021\/08\/24\/eduardo-rivera-perez-4\/","title":{"rendered":"Eduardo Rivera P\u00e9rez sostiene encuentro con representantes de la comunidad LGBTTTIQ+"},"content":{"rendered":"<p>Como parte de la agenda de <strong>transici\u00f3n del Ayuntamiento 2021\u20132024<\/strong>, el <strong>Presidente Municipal <a href=\"https:\/\/sintesis.com.mx\/puebla\/2021\/08\/24\/edmundo-tlatehui-eduardo\/\">Electo<\/a>, <a href=\"https:\/\/twitter.com\/eduardorivera01?ref_src=twsrc%5Egoogle%7Ctwcamp%5Eserp%7Ctwgr%5Eauthor\">Eduardo Rivera P\u00e9rez<\/a>,<\/strong> tuvo un <strong>acercamiento con representantes de la comunidad LGBTTTIQ+,<\/strong> con el <strong>prop\u00f3sito de escuchar sus necesidades<\/strong> y <strong>propuestas<\/strong>, para <strong>brindar soluci\u00f3n a las principales problem\u00e1ticas<\/strong> que enfrentan d\u00eda a d\u00eda.<\/p>\n<p>\u00abLos invito a que nos sumemos a este gran esfuerzo de Corregir el Rumbo de Puebla, a que, como colectivos, tengan la apertura para caminar juntos. La pol\u00edtica p\u00fablica que yo concibo, es una pol\u00edtica p\u00fablica de respeto a la dignidad de la persona humana y de inclusi\u00f3n\u00bb, indic\u00f3 el edil electo.<\/p>\n<p>Durante la pl\u00e1tica, las organizaciones expresaron que dentro de sus principales necesidades, destacan aspectos de seguridad, empleo y salud, adem\u00e1s de que cuentan con indicadores sobre discriminaci\u00f3n que desean disminuir; por lo que solicitaron el apoyo del municipio para trabajar en estos temas, desde el \u00e1mbito de su competencia.<\/p>\n<p>De igual manera, presentaron al alcalde electo las actividades efectuadas a favor de la diversidad sexual, para la prevenci\u00f3n de la violencia y el respeto a los derechos de la comunidad.<\/p>\n<p>En este sentido, Rivera P\u00e9rez apunt\u00f3 que es necesario un esfuerzo conjunto de la sociedad para encontrar soluciones y record\u00f3 que su gobierno tendr\u00e1 las puertas abiertas a todos los sectores.<\/p>\n<p>En dicha reuni\u00f3n estuvieron presentes representantes del Colectivo Organizador de la Marcha del Orgullo LGBTTTIQ+ del Estado de Puebla; del Colectivo APPS Derechos Humanos; de la Asociaci\u00f3n Hermanas M\u00edas Pro Trans; del Consejo Ciudadano de grupos vulnerables del municipio de Puebla; del Colectivo Bisexuales, Chicos Trans Puebla; del SLBP Puebla Colectivo L\u00e9sbico de Puebla; Empresarios LGBT de Puebla; Agrupaci\u00f3n Pansexuales Puebla; y Asexuales Puebla.<\/p>\n\n","protected":false},"excerpt":{"rendered":"<p>Como parte de la agenda de transici\u00f3n del Ayuntamiento 2021\u20132024, el Presidente Municipal Electo, Eduardo Rivera P\u00e9rez, tuvo un acercamiento con representantes de la comunidad LGBTTTIQ+, con el prop\u00f3sito de escuchar sus necesidades y propuestas, para brindar soluci\u00f3n a las principales problem\u00e1ticas que enfrentan d\u00eda a d\u00eda. \u00abLos invito a que nos sumemos a este [&hellip;]<\/p>\n","protected":false},"author":26,"featured_media":0,"comment_status":"open","ping_status":"open","sticky":false,"template":"","format":"standard","meta":{"footnotes":""},"categories":[3,11],"tags":[19670,25187,356,10821,1566,18,12321,23,74189],"yst_prominent_words":[30425,32350,31121,31373,31826,44412,29781,32654,31587,32566,33910,29581,45357,33886,29661,45008,55130],"class_list":["post-249064","post","type-post","status-publish","format-standard","hentry","category-puebla","category-slide","tag-capital","tag-comunidad","tag-eduardo-rivera-perez","tag-encuentro","tag-lgbtttiq","tag-puebla","tag-representantes","tag-slide","tag-sostiene"],"_links":{"self":[{"href":"https:\/\/sintesis.com.mx\/puebla\/wp-json\/wp\/v2\/posts\/249064"}],"collection":[{"href":"https:\/\/sintesis.com.mx\/puebla\/wp-json\/wp\/v2\/posts"}],"about":[{"href":"https:\/\/sintesis.com.mx\/puebla\/wp-json\/wp\/v2\/types\/post"}],"author":[{"embeddable":true,"href":"https:\/\/sintesis.com.mx\/puebla\/wp-json\/wp\/v2\/users\/26"}],"replies":[{"embeddable":true,"href":"https:\/\/sintesis.com.mx\/puebla\/wp-json\/wp\/v2\/comments?post=249064"}],"version-history":[{"count":0,"href":"https:\/\/sintesis.com.mx\/puebla\/wp-json\/wp\/v2\/posts\/249064\/revisions"}],"wp:attachment":[{"href":"https:\/\/sintesis.com.mx\/puebla\/wp-json\/wp\/v2\/media?parent=249064"}],"wp:term":[{"taxonomy":"category","embeddable":true,"href":"https:\/\/sintesis.com.mx\/puebla\/wp-json\/wp\/v2\/categories?post=249064"},{"taxonomy":"post_tag","embeddable":true,"href":"https:\/\/sintesis.com.mx\/puebla\/wp-json\/wp\/v2\/tags?post=249064"},{"taxonomy":"yst_prominent_words","embeddable":true,"href":"https:\/\/sintesis.com.mx\/puebla\/wp-json\/wp\/v2\/yst_prominent_words?post=249064"}],"curies":[{"name":"wp","href":"https:\/\/api.w.org\/{rel}","templated":true}]}}