{"id":249808,"date":"2021-08-30T11:33:43","date_gmt":"2021-08-30T16:33:43","guid":{"rendered":"https:\/\/sintesis.com.mx\/puebla\/?p=249808"},"modified":"2021-08-30T11:33:43","modified_gmt":"2021-08-30T16:33:43","slug":"regresan-clases-millon","status":"publish","type":"post","link":"https:\/\/sintesis.com.mx\/puebla\/2021\/08\/30\/regresan-clases-millon\/","title":{"rendered":"Regresan a clases un mill\u00f3n 700 mil escolares"},"content":{"rendered":"<p>En el <strong>marco de la inauguraci\u00f3n del <a href=\"https:\/\/sintesis.com.mx\/puebla\/2021\/08\/30\/ano-medio-cierre-covid\/\">ciclo escolar<\/a> 2021-2022<\/strong> en la <strong>Escuela Primaria del Centro Escolar \u00abVenustiano Carranza\u00bb en Tehuac\u00e1n<\/strong>, el <strong>mandatario estatal, <a href=\"https:\/\/twitter.com\/MBarbosaMX?ref_src=twsrc%5Egoogle%7Ctwcamp%5Eserp%7Ctwgr%5Eauthor\">Miguel Barbosa Huerta<\/a><\/strong>, exhort\u00f3 a los <strong>padres de familia a llevar a sus hijos a las escuelas\u00a0<\/strong>para <strong>tomar clases presenciales<\/strong> y aunque hay <strong>riesgos de contagios<\/strong> est\u00e1n cuidando la <strong>salud de los escolares<\/strong>.<\/p>\n<p>Agreg\u00f3 que este d\u00eda regresaron a clases un mill\u00f3n 700 escolares, algunos de forma presencial y otros en l\u00ednea, debido al temor que existe de tutores a que sus hijos se contagien.<\/p>\n<p>Ante la presencia de la directora del INEA, Teresa Guadalupe Reyes, mencion\u00f3 que en Puebla estar\u00e1n trabajando de forma normal y no escalonada.<\/p>\n<p>En este mismo sentido, precis\u00f3 que tocaran las casas de padres de familia para concientizarlos de que tomen clases sus hijos de forma presencial.<\/p>\n<p>Agreg\u00f3 que han invertido 486 millones de pesos en la reparaci\u00f3n de escuelas para el regreso a clases y anuncio que erogar\u00e1n mayores presupuestos para atender a los centros escolares.<\/p>\n<p>Por su parte, la directora del INEA, Teresa Guadalupe Reyes, mencion\u00f3 que cuidar\u00e1n a escolares para que no se contagien de coronavirus.<\/p>\n<p>Por su el secretario de Educaci\u00f3n, Melit\u00f3n Lozano, afirm\u00f3 que reconocen el esfuerzo de 67 mil maestros y maestras que trabajaron durante un a\u00f1o cinco meses en l\u00ednea y les pidi\u00f3 seguir apoyando el sistema educativo para sacar adelante este nuevo modelo educativo.<\/p>\n","protected":false},"excerpt":{"rendered":"<p>En el marco de la inauguraci\u00f3n del ciclo escolar 2021-2022 en la Escuela Primaria del Centro Escolar \u00abVenustiano Carranza\u00bb en Tehuac\u00e1n, el mandatario estatal, Miguel Barbosa Huerta, exhort\u00f3 a los padres de familia a llevar a sus hijos a las escuelas\u00a0para tomar clases presenciales y aunque hay riesgos de contagios est\u00e1n cuidando la salud de [&hellip;]<\/p>\n","protected":false},"author":26,"featured_media":0,"comment_status":"open","ping_status":"open","sticky":false,"template":"","format":"standard","meta":{"footnotes":""},"categories":[72262,3,11],"tags":[3316,25853,447,3298,18,10627,3960,294,23,8253,216],"yst_prominent_words":[33518,35390,46432,29799,35783,29916],"class_list":["post-249808","post","type-post","status-publish","format-standard","hentry","category-gobierno","category-puebla","category-slide","tag-clases","tag-escolares","tag-escuelas","tag-gobierno","tag-puebla","tag-regreso","tag-regreso-a-clases","tag-sep","tag-slide","tag-slideapp","tag-tehuacan"],"_links":{"self":[{"href":"https:\/\/sintesis.com.mx\/puebla\/wp-json\/wp\/v2\/posts\/249808"}],"collection":[{"href":"https:\/\/sintesis.com.mx\/puebla\/wp-json\/wp\/v2\/posts"}],"about":[{"href":"https:\/\/sintesis.com.mx\/puebla\/wp-json\/wp\/v2\/types\/post"}],"author":[{"embeddable":true,"href":"https:\/\/sintesis.com.mx\/puebla\/wp-json\/wp\/v2\/users\/26"}],"replies":[{"embeddable":true,"href":"https:\/\/sintesis.com.mx\/puebla\/wp-json\/wp\/v2\/comments?post=249808"}],"version-history":[{"count":0,"href":"https:\/\/sintesis.com.mx\/puebla\/wp-json\/wp\/v2\/posts\/249808\/revisions"}],"wp:attachment":[{"href":"https:\/\/sintesis.com.mx\/puebla\/wp-json\/wp\/v2\/media?parent=249808"}],"wp:term":[{"taxonomy":"category","embeddable":true,"href":"https:\/\/sintesis.com.mx\/puebla\/wp-json\/wp\/v2\/categories?post=249808"},{"taxonomy":"post_tag","embeddable":true,"href":"https:\/\/sintesis.com.mx\/puebla\/wp-json\/wp\/v2\/tags?post=249808"},{"taxonomy":"yst_prominent_words","embeddable":true,"href":"https:\/\/sintesis.com.mx\/puebla\/wp-json\/wp\/v2\/yst_prominent_words?post=249808"}],"curies":[{"name":"wp","href":"https:\/\/api.w.org\/{rel}","templated":true}]}}