{"id":251345,"date":"2021-09-07T13:27:48","date_gmt":"2021-09-07T18:27:48","guid":{"rendered":"https:\/\/sintesis.com.mx\/puebla\/?p=251345"},"modified":"2021-09-07T13:27:48","modified_gmt":"2021-09-07T18:27:48","slug":"fortalece-gobierno-estado","status":"publish","type":"post","link":"https:\/\/sintesis.com.mx\/puebla\/2021\/09\/07\/fortalece-gobierno-estado\/","title":{"rendered":"Fortalece Gobierno del Estado inclusi\u00f3n comercial en regiones de alta marginaci\u00f3n"},"content":{"rendered":"<p>Al <strong>inaugurar a nombre del gobernador Miguel Barbosa<\/strong> la <strong>24 edici\u00f3n de la Expo de la Asociaci\u00f3n Nacional de Abarroteros Mayoristas (ANAM), la <a href=\"https:\/\/sintesis.com.mx\/puebla\/2021\/09\/06\/produccion-exportaciones-automotrices\/\">secretaria<\/a> de <a href=\"https:\/\/twitter.com\/EconomiaGobPue?ref_src=twsrc%5Egoogle%7Ctwcamp%5Eserp%7Ctwgr%5Eauthor\">Econom\u00eda<\/a>, Olivia Salom\u00f3n,<\/strong> resalt\u00f3 el trabajo de la actual administraci\u00f3n para apoyar el desarrollo del comercio y abasto en regiones en condiciones de alta y muy alta marginaci\u00f3n, la formaci\u00f3n de cooperativas y empresas de alto impacto, as\u00ed como la vinculaci\u00f3n de MIPyMEs a canales de comercio digitales.<\/p>\n<p>En Puebla, son 171 categor\u00edas las que involucran el sector con mil 363 empresas de abarrotes al mayoreo y 76 mil 210 unidades en atenci\u00f3n al comercio al menudeo, seg\u00fan el registro a mayo del 2021 del Directorio Estad\u00edstico Nacional de Unidades Econ\u00f3micas del Instituto Nacional de Estad\u00edstica y Geograf\u00eda (INEGI).<\/p>\n<p>Por ello, en Puebla, en apego a las instrucciones del gobernador Miguel Barbosa, la administraci\u00f3n estatal vincula a micros, peque\u00f1as y medianas empresas a los nuevos canales de comercio existentes y, en el marco de esta Expo, 44 empresas del estado presentan a trav\u00e9s del stand de la Secretar\u00eda de Econom\u00eda su oferta de m\u00e1s de 130 productos.<\/p>\n<p>A su vez, la secretaria de Turismo, Marta Ornelas Guerrero subray\u00f3 que esta exposici\u00f3n demuestra la resiliencia entre los empresarios del sector y la capacidad de las y los prestadores de servicios para promover el turismo de reuniones con todas las medidas de seguridad garantizadas, siendo Expo ANAM un evento que hace de Puebla escaparate de bienes y servicios, que permite la activaci\u00f3n de la cadena de suministro y la reactivaci\u00f3n econ\u00f3mica.<\/p>\n<p>El presidente de la Asociaci\u00f3n Nacional de Abarroteros Mexicanos, Guillermo Vald\u00e9s Medina destac\u00f3 crecimientos de ese canal de distribuci\u00f3n de mercanc\u00edas en 15 por ciento durante el a\u00f1o y medio de la pandemia de coronavirus, al referir la uni\u00f3n de socios y proveedores que adoptaron novedosas formas de negocios para crecer a pesar de todos los inconvenientes, adem\u00e1s de integrar en tiempo y forma los cambios de los empaques de acuerdo con la Norma Oficial Mexicana 051 y la aplicaci\u00f3n de herramientas de inteligencia de negocios e inventarios para garantizar el abasto de mercanc\u00edas en todo el pa\u00eds.<\/p>\n<p>La puesta en marcha de la 24 Expo ANAM, que re\u00fane a 235 expositores y 6 mil 500 asistentes, cont\u00f3 con la presencia del presidente de la C\u00e1mara Nacional de la Industria de Conservas Alimenticias, Alejandro Malag\u00f3n Barrag\u00e1n; el presidente del Consejo Nacional de Fabricantes de Alimentos Balanceados y del Consejo Latinoamericano de Prote\u00edna Animal, Jorge Alberto Mart\u00ednez Carrillo; el presidente del Consejo Mexicano de la Industria de Productos de Consumo, Mauricio Garc\u00eda, y el director de la C\u00e1mara Nacional de la Industria de Conservas Alimenticias, Jon\u00e1s Murillo Gonz\u00e1lez.<\/p>\n\n","protected":false},"excerpt":{"rendered":"<p>Al inaugurar a nombre del gobernador Miguel Barbosa la 24 edici\u00f3n de la Expo de la Asociaci\u00f3n Nacional de Abarroteros Mayoristas (ANAM), la secretaria de Econom\u00eda, Olivia Salom\u00f3n, resalt\u00f3 el trabajo de la actual administraci\u00f3n para apoyar el desarrollo del comercio y abasto en regiones en condiciones de alta y muy alta marginaci\u00f3n, la formaci\u00f3n [&hellip;]<\/p>\n","protected":false},"author":26,"featured_media":0,"comment_status":"open","ping_status":"open","sticky":false,"template":"","format":"standard","meta":{"footnotes":""},"categories":[72262,3,11],"tags":[58684,4790,63885,75292,8095,10727,18,75293,23,8253],"yst_prominent_words":[38379,37100,65762,33170,30295,30481,40483,40482,29961,30023,53512,30887,35487],"class_list":["post-251345","post","type-post","status-publish","format-standard","hentry","category-gobierno","category-puebla","category-slide","tag-alta","tag-estado","tag-fortalece","tag-gobeirno","tag-inclusion","tag-marginacion","tag-puebla","tag-regiones","tag-slide","tag-slideapp"],"_links":{"self":[{"href":"https:\/\/sintesis.com.mx\/puebla\/wp-json\/wp\/v2\/posts\/251345"}],"collection":[{"href":"https:\/\/sintesis.com.mx\/puebla\/wp-json\/wp\/v2\/posts"}],"about":[{"href":"https:\/\/sintesis.com.mx\/puebla\/wp-json\/wp\/v2\/types\/post"}],"author":[{"embeddable":true,"href":"https:\/\/sintesis.com.mx\/puebla\/wp-json\/wp\/v2\/users\/26"}],"replies":[{"embeddable":true,"href":"https:\/\/sintesis.com.mx\/puebla\/wp-json\/wp\/v2\/comments?post=251345"}],"version-history":[{"count":0,"href":"https:\/\/sintesis.com.mx\/puebla\/wp-json\/wp\/v2\/posts\/251345\/revisions"}],"wp:attachment":[{"href":"https:\/\/sintesis.com.mx\/puebla\/wp-json\/wp\/v2\/media?parent=251345"}],"wp:term":[{"taxonomy":"category","embeddable":true,"href":"https:\/\/sintesis.com.mx\/puebla\/wp-json\/wp\/v2\/categories?post=251345"},{"taxonomy":"post_tag","embeddable":true,"href":"https:\/\/sintesis.com.mx\/puebla\/wp-json\/wp\/v2\/tags?post=251345"},{"taxonomy":"yst_prominent_words","embeddable":true,"href":"https:\/\/sintesis.com.mx\/puebla\/wp-json\/wp\/v2\/yst_prominent_words?post=251345"}],"curies":[{"name":"wp","href":"https:\/\/api.w.org\/{rel}","templated":true}]}}