{"id":256183,"date":"2021-10-05T10:28:39","date_gmt":"2021-10-05T15:28:39","guid":{"rendered":"https:\/\/sintesis.com.mx\/puebla\/?p=256183"},"modified":"2021-10-05T10:28:39","modified_gmt":"2021-10-05T15:28:39","slug":"fructifera-reunion-familia","status":"publish","type":"post","link":"https:\/\/sintesis.com.mx\/puebla\/2021\/10\/05\/fructifera-reunion-familia\/","title":{"rendered":"Fruct\u00edfera reuni\u00f3n con la familia de TKD poblano"},"content":{"rendered":"<p>La <strong>Federaci\u00f3n Mexicana del Deporte Escolar (<a href=\"https:\/\/twitter.com\/femedees_?lang=es\">Femedees<\/a>),<\/strong> que preside M<strong>art\u00edn S\u00e1nchez Tenorio<\/strong>, sostuvo reuni\u00f3n de trabajo con el \u00e1rea de <strong><a href=\"https:\/\/sintesis.com.mx\/puebla\/2020\/05\/09\/buscan-levantar-taekwondo-marketing\/\">Taekwondo<\/a> de Puebla<\/strong>, para dar a conocer los resultados obtenidos en el <strong>Mundial Sub-15 en Serbia,<\/strong> y los planes de trabajo para fortalecer las actividades a realizar durante los pr\u00f3ximos tres meses.<\/p>\n<p><strong>Mart\u00edn S\u00e1nchez<\/strong> Tenorio, mencion\u00f3 que realizar\u00e1n un recorrido nacional, \u00ab<strong>en Puebla iniciamos la agenda, y vamos a reunirnos con los responsables de cada una de las disciplinas\u00bb.<\/strong><\/p>\n<p>De esta primera reuni\u00f3n, <strong>el titular de Femedees<\/strong> resalt\u00f3 que es un gusto ver y saludar a todos los compa\u00f1eros del Taekwondo poblano, \u201c<strong>asisti\u00f3 un nutrido grupo y estoy muy agradecido por la confianza que ellos nos dan y nos comparten, esto habla del inter\u00e9s de la gente por prepararse, capacitarse, trascender y llegar a eventos, cuando se tiene un programa, un plan de trabajo y se marcan bases s\u00f3lidas, la gente se interesa\u00bb.<\/strong><\/p>\n<p>Agreg\u00f3 que \u00abla gente lo que quiere es ver realidades y un proyecto, para nosotros no es un proyecto, es una realidad de un trabajo que ya se est\u00e1 llevando a cabo. Por su parte, Jos\u00e9 Luis de la Cruz Gonzaga, presidente de la Asociaci\u00f3n de Deporte Escolar en Puebla, indic\u00f3 que este acercamiento permiti\u00f3 visualizar los proyectos, \u00ab<strong>es importante que los compa\u00f1eros trabajemos en conjunto para lograr las metas que se tienen planeadas\u00bb.<\/strong><\/p>\n<p>Los directivos estuvieron acompa\u00f1ados por Mart\u00edn Garc\u00eda \u00c1lvarez, vicepresidente Operativo, Salvador Allende Ram\u00edrez, vicepresidente t\u00e9cnico de Femedees; Alejandro Ju\u00e1rez, vicepresidente de la Asociaci\u00f3n de Deporte Escolar del Estado de Puebla, y el Gran Master Gonzalo G\u00e1mez Lim\u00f3n fundador del Taekwondo en el estado de Puebla.<\/p>\n<p><img loading=\"lazy\" decoding=\"async\" class=\"aligncenter wp-image-256185 size-full\" src=\"https:\/\/sintesis.com.mx\/puebla\/wp-content\/uploads\/2021\/10\/WhatsApp-Image-2021-10-04-at-21.35.03.jpeg\" alt=\"\" width=\"1024\" height=\"768\" \/><\/p>\n","protected":false},"excerpt":{"rendered":"<p>La Federaci\u00f3n Mexicana del Deporte Escolar (Femedees), que preside Mart\u00edn S\u00e1nchez Tenorio, sostuvo reuni\u00f3n de trabajo con el \u00e1rea de Taekwondo de Puebla, para dar a conocer los resultados obtenidos en el Mundial Sub-15 en Serbia, y los planes de trabajo para fortalecer las actividades a realizar durante los pr\u00f3ximos tres meses. Mart\u00edn S\u00e1nchez Tenorio, [&hellip;]<\/p>\n","protected":false},"author":6,"featured_media":0,"comment_status":"open","ping_status":"open","sticky":false,"template":"","format":"standard","meta":{"footnotes":""},"categories":[4,3,11],"tags":[29,27034,9441,76008,18,23,2121],"yst_prominent_words":[31502,33627,30025,63498,35390,30503,30404,29677,29562,31808,29574,35174,33078,35178,29801,33197,55298],"class_list":["post-256183","post","type-post","status-publish","format-standard","hentry","category-deportes","category-puebla","category-slide","tag-deportes","tag-femedees","tag-martin-sanchez-tenorio","tag-mundial-sub-15","tag-puebla","tag-slide","tag-taekwondo"],"_links":{"self":[{"href":"https:\/\/sintesis.com.mx\/puebla\/wp-json\/wp\/v2\/posts\/256183"}],"collection":[{"href":"https:\/\/sintesis.com.mx\/puebla\/wp-json\/wp\/v2\/posts"}],"about":[{"href":"https:\/\/sintesis.com.mx\/puebla\/wp-json\/wp\/v2\/types\/post"}],"author":[{"embeddable":true,"href":"https:\/\/sintesis.com.mx\/puebla\/wp-json\/wp\/v2\/users\/6"}],"replies":[{"embeddable":true,"href":"https:\/\/sintesis.com.mx\/puebla\/wp-json\/wp\/v2\/comments?post=256183"}],"version-history":[{"count":0,"href":"https:\/\/sintesis.com.mx\/puebla\/wp-json\/wp\/v2\/posts\/256183\/revisions"}],"wp:attachment":[{"href":"https:\/\/sintesis.com.mx\/puebla\/wp-json\/wp\/v2\/media?parent=256183"}],"wp:term":[{"taxonomy":"category","embeddable":true,"href":"https:\/\/sintesis.com.mx\/puebla\/wp-json\/wp\/v2\/categories?post=256183"},{"taxonomy":"post_tag","embeddable":true,"href":"https:\/\/sintesis.com.mx\/puebla\/wp-json\/wp\/v2\/tags?post=256183"},{"taxonomy":"yst_prominent_words","embeddable":true,"href":"https:\/\/sintesis.com.mx\/puebla\/wp-json\/wp\/v2\/yst_prominent_words?post=256183"}],"curies":[{"name":"wp","href":"https:\/\/api.w.org\/{rel}","templated":true}]}}