{"id":257284,"date":"2021-09-25T10:24:02","date_gmt":"2021-09-25T15:24:02","guid":{"rendered":"https:\/\/sintesis.com.mx\/puebla\/?p=257284"},"modified":"2021-10-11T11:48:33","modified_gmt":"2021-10-11T16:48:33","slug":"consulado-movil-de-honduras","status":"publish","type":"post","link":"https:\/\/sintesis.com.mx\/puebla\/2021\/09\/25\/consulado-movil-de-honduras\/","title":{"rendered":"Consulado M\u00f3vil de Honduras tuvo jornada exitosa en"},"content":{"rendered":"<p>La Secci\u00f3n Consular de Honduras en la Ciudad de M\u00e9xico, participa este 24, 25 y 26 de septiembre en la jornada Mundial de Consulados M\u00f3viles, realizada por el <strong>Gobierno de Honduras<\/strong> como parte de las actividades para conmemorar el Bicentenario de Independencia de su pa\u00eds.<\/p>\n<p><strong>Ubicando su Consulado M\u00f3vil en la Ciudad de Puebla,<\/strong> dentro de las Instalaciones del Instituto Nacional de Migraci\u00f3n de Puebla, quienes brindaron todas las facilidades y apoyo para instalar dicho espacio para la atenci\u00f3n de los connacionales hondure\u00f1os que se encuentran en esta ciudad y sus alrededores.<\/p>\n<p><strong>Cabe se\u00f1alar, que la atenci\u00f3n a sus connacionales ser\u00e1 atreves de la p\u00e1gina www.citaconsular.com , medio por el cual se deber\u00e1 sacar la cita para acudir posteriormente a realizar el tr\u00e1mite de forma presencial.<\/strong><\/p>\n<p>Como parte de las atenciones y servicios brindados se encuentra el tr\u00e1mite de pasaporte, Declaraci\u00f3n Jurada y la entrega de Constancias de Nacionalidad.<\/p>\n<p>Ellos se encuentran atendiendo todas sus dudas a trav\u00e9s de su p\u00e1gina de Facebook donde aparecen como: Secci\u00f3n Consular de Honduras en Ciudad de M\u00e9xico.<\/p>\n\n<p>&nbsp;<\/p>\n","protected":false},"excerpt":{"rendered":"<p>La Secci\u00f3n Consular de Honduras en la Ciudad de M\u00e9xico, participa este 24, 25 y 26 de septiembre en la jornada Mundial de Consulados M\u00f3viles, realizada por el Gobierno de Honduras como parte de las actividades para conmemorar el Bicentenario de Independencia de su pa\u00eds. Ubicando su Consulado M\u00f3vil en la Ciudad de Puebla, dentro [&hellip;]<\/p>\n","protected":false},"author":26,"featured_media":0,"comment_status":"open","ping_status":"open","sticky":false,"template":"","format":"standard","meta":{"footnotes":""},"categories":[3],"tags":[76159,218,70261],"yst_prominent_words":[31372,29666,30511,39095,30351,62908,29626,37484,29562,48002,32843],"class_list":["post-257284","post","type-post","status-publish","format-standard","hentry","category-puebla","tag-cosular","tag-honduras","tag-movil"],"_links":{"self":[{"href":"https:\/\/sintesis.com.mx\/puebla\/wp-json\/wp\/v2\/posts\/257284"}],"collection":[{"href":"https:\/\/sintesis.com.mx\/puebla\/wp-json\/wp\/v2\/posts"}],"about":[{"href":"https:\/\/sintesis.com.mx\/puebla\/wp-json\/wp\/v2\/types\/post"}],"author":[{"embeddable":true,"href":"https:\/\/sintesis.com.mx\/puebla\/wp-json\/wp\/v2\/users\/26"}],"replies":[{"embeddable":true,"href":"https:\/\/sintesis.com.mx\/puebla\/wp-json\/wp\/v2\/comments?post=257284"}],"version-history":[{"count":0,"href":"https:\/\/sintesis.com.mx\/puebla\/wp-json\/wp\/v2\/posts\/257284\/revisions"}],"wp:attachment":[{"href":"https:\/\/sintesis.com.mx\/puebla\/wp-json\/wp\/v2\/media?parent=257284"}],"wp:term":[{"taxonomy":"category","embeddable":true,"href":"https:\/\/sintesis.com.mx\/puebla\/wp-json\/wp\/v2\/categories?post=257284"},{"taxonomy":"post_tag","embeddable":true,"href":"https:\/\/sintesis.com.mx\/puebla\/wp-json\/wp\/v2\/tags?post=257284"},{"taxonomy":"yst_prominent_words","embeddable":true,"href":"https:\/\/sintesis.com.mx\/puebla\/wp-json\/wp\/v2\/yst_prominent_words?post=257284"}],"curies":[{"name":"wp","href":"https:\/\/api.w.org\/{rel}","templated":true}]}}