{"id":257554,"date":"2021-10-12T14:06:14","date_gmt":"2021-10-12T19:06:14","guid":{"rendered":"https:\/\/sintesis.com.mx\/puebla\/?p=257554"},"modified":"2021-10-12T14:06:14","modified_gmt":"2021-10-12T19:06:14","slug":"pueblos-originarios-reabren","status":"publish","type":"post","link":"https:\/\/sintesis.com.mx\/puebla\/2021\/10\/12\/pueblos-originarios-reabren\/","title":{"rendered":"Pueblos Originarios reabren circulaci\u00f3n en la Federal M\u00e9xico-Puebla"},"content":{"rendered":"<p><strong>Cholula.<\/strong> Despu\u00e9s de siete meses de cierre, este <strong>12 de octubre en el marco de la <a href=\"https:\/\/sintesis.com.mx\/puebla\/2021\/08\/09\/presentan-denuncias-bonafont\/\">conmemoraci\u00f3n<\/a> de la Resistencia y Rebeld\u00eda de Pueblos Originarios<\/strong>, se reabri\u00f3 la circulaci\u00f3n al tr\u00e1nsito vehicular en la<strong> Carretera Federal M\u00e9xico\u2013Puebla<\/strong> con sentido a M\u00e9xico, a la altura de la<strong> Casa de los Pueblos (antes <a href=\"https:\/\/twitter.com\/bonafontmexico?lang=es\">Bonafont<\/a>).<\/strong><\/p>\n<p>Con acciones de limpieza, pintura, colocaci\u00f3n de topes, los integrantes de Pueblos Originarios de Cholula determinaron acabar con el bloqueo que se encontraba en esta importante v\u00eda de acceso, la cual desde el 22 de marzo se encontraba cerrada ante el plant\u00f3n que realiz\u00f3 esta agrupaci\u00f3n para clausurar la empresa Bonafont.<\/p>\n<p><strong>El alcalde de Zacatepec, Roberto G\u00f3mez acompa\u00f1ado por integrantes de Pueblos Originarios,<\/strong> se\u00f1al\u00f3 que no buscan afectar a terceras personas y ante la determinaci\u00f3n de la asamblea se decidi\u00f3 regresar a la normalidad, sobre todo porque consideran que la situaci\u00f3n de la empresa Bonafont se ha resuelto y consideran que el gobierno no har\u00e1 represiones.<\/p>\n<p style=\"text-align: center;\"><strong>\u201cSe hab\u00eda cerrado para cuidar la seguridad del espacio y de nosotros mismos, ahora tenemos la tranquilidad de que no se reprimir\u00e1 a este movimiento que defendi\u00f3 el agua, ahora estamos organizados y podemos reabrir la carretera, como asamblea decidimos colocar topes, se mejor\u00f3 la se\u00f1al\u00e9tica, y que quienes transiten tomen sus precauciones\u201d.<\/strong><\/p>\n<p>Aunque los trabajos se hicieron en un solo carril, se plantea que en pr\u00f3ximas fechas se coloquen topes en el carril contrario, esto al organizarse ya que son los propios vecinos quienes est\u00e1n dando lo necesario para estas acciones, <strong>\u201cno contamos con recursos de ninguna dependencia ni de gobierno, se hab\u00edan pedido los topes y nadie nos hizo caso, por ello los ciudadanos aportaron cada uno para concretar estas acciones\u201d.<\/strong><\/p>\n<p><strong>+Emprenden proceso legal para tener propiedad del predio de Bonafont<\/strong><\/p>\n<p>Cabe destacar que luego de que en asamblea se determinar\u00e1 expropiar el predio de la empresa Bonafont, se ha iniciado un proceso legal para que esta agrupaci\u00f3n tenga el resguardo de este predio, el cual se ha convertido en la Casa de los Pueblos y ofrece diversos talleres para toda la comunidad.<\/p>\n<p><strong>\u201cDesde que se decidi\u00f3 devolver este predio al pueblo se inici\u00f3 un litigio para recuperarlo por la v\u00eda legal, lleva un mes y medio este proceso y estamos esperando la respuesta de las autoridades\u201d.<\/strong><\/p>\n<blockquote class=\"twitter-tweet\" data-width=\"550\" data-dnt=\"true\">\n<p lang=\"es\" dir=\"ltr\"><a href=\"https:\/\/twitter.com\/hashtag\/Municipios?src=hash&amp;ref_src=twsrc%5Etfw\">#Municipios<\/a> I Reabren circulaci\u00f3n en la federal M\u00e9xico- Puebla antes se realiza jornada de limpieza encabezada por agrupaci\u00f3n de Pueblos Originarios.<br \/>\ud83d\udcf9 <a href=\"https:\/\/twitter.com\/reporpue11?ref_src=twsrc%5Etfw\">@reporpue11<\/a> <a href=\"https:\/\/t.co\/kZkA6yTzA7\">pic.twitter.com\/kZkA6yTzA7<\/a><\/p>\n<p>&mdash; S\u00edntesis Puebla (@sintesisweb) <a href=\"https:\/\/twitter.com\/sintesisweb\/status\/1447975908736966656?ref_src=twsrc%5Etfw\">October 12, 2021<\/a><\/p><\/blockquote>\n<p><script async src=\"https:\/\/platform.twitter.com\/widgets.js\" charset=\"utf-8\"><\/script><\/p>\n","protected":false},"excerpt":{"rendered":"<p>Cholula. Despu\u00e9s de siete meses de cierre, este 12 de octubre en el marco de la conmemoraci\u00f3n de la Resistencia y Rebeld\u00eda de Pueblos Originarios, se reabri\u00f3 la circulaci\u00f3n al tr\u00e1nsito vehicular en la Carretera Federal M\u00e9xico\u2013Puebla con sentido a M\u00e9xico, a la altura de la Casa de los Pueblos (antes Bonafont). Con acciones de [&hellip;]<\/p>\n","protected":false},"author":6,"featured_media":0,"comment_status":"open","ping_status":"open","sticky":false,"template":"","format":"standard","meta":{"footnotes":""},"categories":[12,9,3,11],"tags":[71196,8343,76194,28,18,23,8253],"yst_prominent_words":[29925,45925,30373,30798,30288,32454,42942,46463,35266,29857,41092,36145],"class_list":["post-257554","post","type-post","status-publish","format-standard","hentry","category-cholula","category-municipios","category-puebla","category-slide","tag-bonafont","tag-carretera-federal-mexico-puebla","tag-casa-de-los-pueblos-indigenas","tag-municipios","tag-puebla","tag-slide","tag-slideapp"],"_links":{"self":[{"href":"https:\/\/sintesis.com.mx\/puebla\/wp-json\/wp\/v2\/posts\/257554"}],"collection":[{"href":"https:\/\/sintesis.com.mx\/puebla\/wp-json\/wp\/v2\/posts"}],"about":[{"href":"https:\/\/sintesis.com.mx\/puebla\/wp-json\/wp\/v2\/types\/post"}],"author":[{"embeddable":true,"href":"https:\/\/sintesis.com.mx\/puebla\/wp-json\/wp\/v2\/users\/6"}],"replies":[{"embeddable":true,"href":"https:\/\/sintesis.com.mx\/puebla\/wp-json\/wp\/v2\/comments?post=257554"}],"version-history":[{"count":0,"href":"https:\/\/sintesis.com.mx\/puebla\/wp-json\/wp\/v2\/posts\/257554\/revisions"}],"wp:attachment":[{"href":"https:\/\/sintesis.com.mx\/puebla\/wp-json\/wp\/v2\/media?parent=257554"}],"wp:term":[{"taxonomy":"category","embeddable":true,"href":"https:\/\/sintesis.com.mx\/puebla\/wp-json\/wp\/v2\/categories?post=257554"},{"taxonomy":"post_tag","embeddable":true,"href":"https:\/\/sintesis.com.mx\/puebla\/wp-json\/wp\/v2\/tags?post=257554"},{"taxonomy":"yst_prominent_words","embeddable":true,"href":"https:\/\/sintesis.com.mx\/puebla\/wp-json\/wp\/v2\/yst_prominent_words?post=257554"}],"curies":[{"name":"wp","href":"https:\/\/api.w.org\/{rel}","templated":true}]}}