{"id":261620,"date":"2021-11-03T11:22:54","date_gmt":"2021-11-03T17:22:54","guid":{"rendered":"https:\/\/sintesis.com.mx\/puebla\/?p=261620"},"modified":"2021-11-03T11:22:54","modified_gmt":"2021-11-03T17:22:54","slug":"municipio-puebla-condonara","status":"publish","type":"post","link":"https:\/\/sintesis.com.mx\/puebla\/2021\/11\/03\/municipio-puebla-condonara\/","title":{"rendered":"Municipio de Puebla condonar\u00e1 impuesto predial a afectados de la explosi\u00f3n en San Pablo"},"content":{"rendered":"<p>El <strong>edil de la capital <a href=\"https:\/\/sintesis.com.mx\/puebla\/2021\/11\/03\/habitantes-san-pablo-xoxhimehuacan\/\">poblana<\/a>, <a href=\"https:\/\/twitter.com\/eduardorivera01?ref_src=twsrc%5Egoogle%7Ctwcamp%5Eserp%7Ctwgr%5Eauthor\">Eduardo Rivera P\u00e9rez<\/a>, anunci\u00f3 la condonaci\u00f3n del impuesto predial<\/strong> a <strong>due\u00f1os de 128 viviendas afectadas<\/strong> por la<strong> explosi\u00f3n en San Pablo Xochimehuacan<\/strong>.<\/p>\n<p>Dicho anuncio fue informado en conferencia de prensa, <strong>encabezada por el gobernador del estado, Luis Miguel Barbosa<\/strong> y que forma parte de cinco acciones que emprender\u00e1 para apoyar a las familias afectadas.<\/p>\n<p>Adem\u00e1s de ello, el Ayuntamiento de Puebla notificar\u00e1 desde este momento, a todos los inmuebles en zona de riesgo, iniciando por la zona norte.<\/p>\n<p>\u201cVamos a hacer recorrido y pedimos el respaldo las zonas federales y recorrer tramo por tramo y, de ser necesario, construcci\u00f3n por construcci\u00f3n en toda la zona norte donde pasan los ducto de Pemex, en caso concreto de gas\u201d.<\/p>\n<p>Con relaci\u00f3n a los apoyos desde el martes 2 de noviembre en la zona cero, resguardaron la seguridad del denominado per\u00edmetro verde, donde ya pudieron regresar las y los habitantes, a trav\u00e9s de 130 efectivos y 15 unidades que patrullaron toda la noche.<\/p>\n<p>\u201cSe estuvo patrullando toda la noche sin reportarse absolutamente ninguna novedad, todo tranquilo\u201d.<\/p>\n<p>En los albergues se respalda con instalaci\u00f3n el\u00e9ctrica, abastecimiento de agua, implementaci\u00f3n de actividades para menores y atenci\u00f3n psicol\u00f3gica a lesionados o familiares.<\/p>\n<p>\u201cHemos estado apoyando en la instalaci\u00f3n el\u00e9ctrica del mismo, en la reparaci\u00f3n de la bomba de agua, en surtir m\u00e1s de 25 litros para los servicios del albergue y tambi\u00e9n el IMACP en coordinaci\u00f3n con el DIF se ha atendido con teatro Gui\u00f1\u00f3n, cuentacuentos y obras de teatro. Tambi\u00e9n en coordinaci\u00f3n con el DIF del Estado y el secretario de Salud se ha otorgado atenci\u00f3n psicol\u00f3gica a lesionados y familiares, apoyando tambi\u00e9n con medicamento especializado\u201d.<\/p>\n<p>Tambi\u00e9n, este martes ingresaron 42 metros c\u00fabicos de escombro al Banco de Tiro, ubicado en San Jer\u00f3nimo Caleras, y se inici\u00f3 el levantamiento topogr\u00e1fico para los trabajos de nivelaci\u00f3n del camino para ser m\u00e1s f\u00e1cil el retiro de los escombros.<\/p>\n<p><strong>\u00a0Cinco acciones <\/strong><\/p>\n<p>1.-Empezar\u00e1n a notificar todos los inmuebles de la zona de riesgos de todo el municipio, empezando por la zona norte. Adem\u00e1s, realizar\u00e1n un recorrido, en donde se pide el respaldo de instituciones federales, en la zona norte por donde pasan los ductos de PEMEX<\/p>\n<p>2.- En coordinaci\u00f3n con Infraestructura iniciar\u00e1n la revisi\u00f3n de viviendas para la tranquilidad de las y los habitantes.<\/p>\n<ol start=\"3\">\n<li>Arrancar\u00e1 un convenio con ba\u00f1os p\u00fablicos ubicados cerca de albergues para que las personas que se resguardan tengan acceso al aseo personal durante los pr\u00f3ximos d\u00edas.<\/li>\n<\/ol>\n<p>4.- Se condonar\u00e1 el pago predial a las 128 viviendas que cuentan con registro catastral.<\/p>\n<p>5.- Habilitar\u00e1n el Banco de Tiro para recibir, en promedio, unos 90 metros c\u00fabicos diarios a partir del proceso de demolici\u00f3n que se empezar\u00e1 conforme lo indique Infraestructura y la Defensa Nacional.<\/p>\n","protected":false},"excerpt":{"rendered":"<p>El edil de la capital poblana, Eduardo Rivera P\u00e9rez, anunci\u00f3 la condonaci\u00f3n del impuesto predial a due\u00f1os de 128 viviendas afectadas por la explosi\u00f3n en San Pablo Xochimehuacan. Dicho anuncio fue informado en conferencia de prensa, encabezada por el gobernador del estado, Luis Miguel Barbosa y que forma parte de cinco acciones que emprender\u00e1 para [&hellip;]<\/p>\n","protected":false},"author":9,"featured_media":0,"comment_status":"open","ping_status":"open","sticky":false,"template":"","format":"standard","meta":{"footnotes":""},"categories":[72263,3,11],"tags":[425,19670,76883,76881,356,1792,76882,7673,18,23,8253],"yst_prominent_words":[29925,39294,35962,32625,30004,49695,29681,32934,30230,29640,33669,29675],"class_list":["post-261620","post","type-post","status-publish","format-standard","hentry","category-capital","category-puebla","category-slide","tag-ayuntamiento","tag-capital","tag-cinco-acciones","tag-condonacion-impuesto-predial","tag-eduardo-rivera-perez","tag-explosion","tag-habitantes-san-pablo-xochimehuacan","tag-presidente-municipal","tag-puebla","tag-slide","tag-slideapp"],"_links":{"self":[{"href":"https:\/\/sintesis.com.mx\/puebla\/wp-json\/wp\/v2\/posts\/261620"}],"collection":[{"href":"https:\/\/sintesis.com.mx\/puebla\/wp-json\/wp\/v2\/posts"}],"about":[{"href":"https:\/\/sintesis.com.mx\/puebla\/wp-json\/wp\/v2\/types\/post"}],"author":[{"embeddable":true,"href":"https:\/\/sintesis.com.mx\/puebla\/wp-json\/wp\/v2\/users\/9"}],"replies":[{"embeddable":true,"href":"https:\/\/sintesis.com.mx\/puebla\/wp-json\/wp\/v2\/comments?post=261620"}],"version-history":[{"count":0,"href":"https:\/\/sintesis.com.mx\/puebla\/wp-json\/wp\/v2\/posts\/261620\/revisions"}],"wp:attachment":[{"href":"https:\/\/sintesis.com.mx\/puebla\/wp-json\/wp\/v2\/media?parent=261620"}],"wp:term":[{"taxonomy":"category","embeddable":true,"href":"https:\/\/sintesis.com.mx\/puebla\/wp-json\/wp\/v2\/categories?post=261620"},{"taxonomy":"post_tag","embeddable":true,"href":"https:\/\/sintesis.com.mx\/puebla\/wp-json\/wp\/v2\/tags?post=261620"},{"taxonomy":"yst_prominent_words","embeddable":true,"href":"https:\/\/sintesis.com.mx\/puebla\/wp-json\/wp\/v2\/yst_prominent_words?post=261620"}],"curies":[{"name":"wp","href":"https:\/\/api.w.org\/{rel}","templated":true}]}}