{"id":262062,"date":"2021-11-06T15:33:31","date_gmt":"2021-11-06T21:33:31","guid":{"rendered":"https:\/\/sintesis.com.mx\/puebla\/?p=262062"},"modified":"2021-11-06T15:33:31","modified_gmt":"2021-11-06T21:33:31","slug":"pri-realiza-asamblea-regional","status":"publish","type":"post","link":"https:\/\/sintesis.com.mx\/puebla\/2021\/11\/06\/pri-realiza-asamblea-regional\/","title":{"rendered":"El PRI realiza Asamblea Regional en Chignahuapan"},"content":{"rendered":"<p><strong>Chignahuapan.<\/strong> Como parte de los <strong>trabajos de preparaci\u00f3n que los priistas realizan rumbo a la celebraci\u00f3n de su vig\u00e9sima tercera Asamblea Nacional<\/strong>, m\u00e1ximo \u00f3rgano deliberativo del <strong>Partido Revolucionario Institucional<\/strong>; este d\u00eda se reunieron en Chignahuapan los priistas del Distrito Local 03 con cabecera en Zacatl\u00e1n.<\/p>\n<p>Importantes personalidades acudieron a esta reuni\u00f3n donde Jos\u00e9 Carmona Le\u00f3n, Presidente del Comit\u00e9 Municipal del PRI en Chignahuapan dio la bienvenida y Ernesto Cort\u00e9s L\u00f3pez fungi\u00f3 como Presidente de la Asamblea.<\/p>\n<p>Destac\u00f3 la presencia del <strong><a href=\"https:\/\/sintesis.com.mx\/puebla\/2021\/11\/06\/lorenzo-rivera-continua\/\">edil<\/a> <a href=\"https:\/\/twitter.com\/LorenzoRiveraN?ref_src=twsrc%5Egoogle%7Ctwcamp%5Eserp%7Ctwgr%5Eauthor\">Lorenzo Rivera Nava<\/a><\/strong>; asimismo estuvieron presentes, Nantzi Barrientos, Diputada Local suplente del distrito 04, Cristian Aguilar Le\u00f3n, Delegado Pol\u00edtico del distrito 03, Ricardo Aco Farf\u00e1n y David Garc\u00eda Carmona ex Presidentes Municipales de Tetela de Ocampo as\u00ed como Presidentes de Comit\u00e9s Municipales del PRI en el distrito.<\/p>\n<p>El Presidente del Comit\u00e9 Directivo Estatal del PRI, el Diputado N\u00e9stor Camarillo Medina dirigi\u00f3 un mensaje de manera virtual invitando a todos a continuar en unidad y firmeza para seguir fortaleciendo al Revolucionario Institucional y que est\u00e1 pr\u00f3xima Asamblea Nacional a realizarse en pr\u00f3ximas fechas sea exitosa.<\/p>\n<p>Por su parte, Lorenzo Rivera Nava en su car\u00e1cter de primer pri\u00edsta, agradeci\u00f3 el inter\u00e9s que el Directivo Estatal del PRI mostr\u00f3 para que Chignahuapan fuera anfitri\u00f3n de tan importante evento, recalcando que la Sierra Norte siempre se ha caracterizado por dar grandes resultados al partido y que como regi\u00f3n ha mantenido una de las votaciones m\u00e1s altas del interior del Estado, finaliz\u00f3.<\/p>\n\n","protected":false},"excerpt":{"rendered":"<p>Chignahuapan. Como parte de los trabajos de preparaci\u00f3n que los priistas realizan rumbo a la celebraci\u00f3n de su vig\u00e9sima tercera Asamblea Nacional, m\u00e1ximo \u00f3rgano deliberativo del Partido Revolucionario Institucional; este d\u00eda se reunieron en Chignahuapan los priistas del Distrito Local 03 con cabecera en Zacatl\u00e1n. Importantes personalidades acudieron a esta reuni\u00f3n donde Jos\u00e9 Carmona Le\u00f3n, [&hellip;]<\/p>\n","protected":false},"author":26,"featured_media":0,"comment_status":"open","ping_status":"open","sticky":false,"template":"","format":"standard","meta":{"footnotes":""},"categories":[9,3,11],"tags":[3592,4822,28,187,18,52764,8440,23,8253],"yst_prominent_words":[30442,37850,30635,29789,30437,30023,30086,30887,67031,29849,49572,31220,31218],"class_list":["post-262062","post","type-post","status-publish","format-standard","hentry","category-municipios","category-puebla","category-slide","tag-asamblea","tag-chignahuapan","tag-municipios","tag-pri","tag-puebla","tag-realiza","tag-regional","tag-slide","tag-slideapp"],"_links":{"self":[{"href":"https:\/\/sintesis.com.mx\/puebla\/wp-json\/wp\/v2\/posts\/262062"}],"collection":[{"href":"https:\/\/sintesis.com.mx\/puebla\/wp-json\/wp\/v2\/posts"}],"about":[{"href":"https:\/\/sintesis.com.mx\/puebla\/wp-json\/wp\/v2\/types\/post"}],"author":[{"embeddable":true,"href":"https:\/\/sintesis.com.mx\/puebla\/wp-json\/wp\/v2\/users\/26"}],"replies":[{"embeddable":true,"href":"https:\/\/sintesis.com.mx\/puebla\/wp-json\/wp\/v2\/comments?post=262062"}],"version-history":[{"count":0,"href":"https:\/\/sintesis.com.mx\/puebla\/wp-json\/wp\/v2\/posts\/262062\/revisions"}],"wp:attachment":[{"href":"https:\/\/sintesis.com.mx\/puebla\/wp-json\/wp\/v2\/media?parent=262062"}],"wp:term":[{"taxonomy":"category","embeddable":true,"href":"https:\/\/sintesis.com.mx\/puebla\/wp-json\/wp\/v2\/categories?post=262062"},{"taxonomy":"post_tag","embeddable":true,"href":"https:\/\/sintesis.com.mx\/puebla\/wp-json\/wp\/v2\/tags?post=262062"},{"taxonomy":"yst_prominent_words","embeddable":true,"href":"https:\/\/sintesis.com.mx\/puebla\/wp-json\/wp\/v2\/yst_prominent_words?post=262062"}],"curies":[{"name":"wp","href":"https:\/\/api.w.org\/{rel}","templated":true}]}}