{"id":263780,"date":"2021-11-17T09:55:04","date_gmt":"2021-11-17T15:55:04","guid":{"rendered":"https:\/\/sintesis.com.mx\/puebla\/?p=263780"},"modified":"2021-11-17T09:55:04","modified_gmt":"2021-11-17T15:55:04","slug":"vinculacion-sdr-tejocote","status":"publish","type":"post","link":"https:\/\/sintesis.com.mx\/puebla\/2021\/11\/17\/vinculacion-sdr-tejocote\/","title":{"rendered":"Por vinculaci\u00f3n de SDR, tejocote poblano ser\u00e1 comercializado en Michoac\u00e1n"},"content":{"rendered":"<p class=\"x_MsoNormal\">Gracias a la <strong>vinculaci\u00f3n comercial generada por la Secretar\u00eda de Desarrollo <a href=\"https:\/\/sintesis.com.mx\/puebla\/2021\/11\/11\/arranca-sdr-expo-buen\/\">Rural<\/a> (<a href=\"https:\/\/twitter.com\/SDRGobPue?ref_src=twsrc%5Egoogle%7Ctwcamp%5Eserp%7Ctwgr%5Eauthor\">SDR<\/a>), tejocote de las productoras y productores de Calpan<\/strong> ser\u00e1 comercializado en Michoac\u00e1n, lo que generar\u00e1 una derrama econ\u00f3mica importante para la regi\u00f3n de los volcanes y para 25 familias dedicadas al cultivo de esta fruta.<\/p>\n<p class=\"x_MsoNormal\">Mediante esta operaci\u00f3n, hasta 200 toneladas de producto ser\u00e1n comercializadas en Michoac\u00e1n, con la salida de un cami\u00f3n con 10 toneladas cada tercer d\u00eda hasta cumplir con la meta.<\/p>\n<p class=\"x_MsoNormal\">En el acompa\u00f1amiento del banderazo de salida, la titular de la dependencia, Ana Laura Altamirano P\u00e9rez destac\u00f3 que una muestra del impulso a las peque\u00f1as y peque\u00f1os productores es este logro para la comercializaci\u00f3n de tejocote en otras partes de M\u00e9xico, ya que Puebla destaca por este cultivo, por su calidad y sabor.<\/p>\n<p class=\"x_MsoNormal\">Asimismo, resalt\u00f3 que la entidad es referente en calidad y tiene el volumen de producci\u00f3n suficiente para atender el mercado nacional y extranjero, adem\u00e1s de cumplir con las exigencias que estos solicitan.<\/p>\n<p class=\"x_MsoNormal\">Esta vinculaci\u00f3n comercial posicionar\u00e1 los cultivos poblanos en el mercado nacional, lo cual abrir\u00e1 oportunidades para que m\u00e1s productoras y productores tengan salida de sus cosechas en mercados de todo el pa\u00eds y el extranjero a precios diferenciados.<\/p>\n<p class=\"x_MsoNormal\">Cabe se\u00f1alar que Puebla es l\u00edder tejocotero en M\u00e9xico y genera casi la totalidad de la producci\u00f3n a nivel nacional, al cosechar m\u00e1s del 90 por ciento de esta fruta anualmente.<\/p>\n\n","protected":false},"excerpt":{"rendered":"<p>Gracias a la vinculaci\u00f3n comercial generada por la Secretar\u00eda de Desarrollo Rural (SDR), tejocote de las productoras y productores de Calpan ser\u00e1 comercializado en Michoac\u00e1n, lo que generar\u00e1 una derrama econ\u00f3mica importante para la regi\u00f3n de los volcanes y para 25 familias dedicadas al cultivo de esta fruta. Mediante esta operaci\u00f3n, hasta 200 toneladas de [&hellip;]<\/p>\n","protected":false},"author":26,"featured_media":0,"comment_status":"open","ping_status":"open","sticky":false,"template":"","format":"standard","meta":{"footnotes":""},"categories":[72262,3,11],"tags":[856,77254,3298,1343,55223,18,306,23,8253,7398,18399],"yst_prominent_words":[30286,40575,35282,30300,43878,33556,29626,61613,30023,31600,51491,64568,32450,29562,29950,35737,41444],"class_list":["post-263780","post","type-post","status-publish","format-standard","hentry","category-gobierno","category-puebla","category-slide","tag-campo","tag-comercializado","tag-gobierno","tag-michoacan","tag-poblano","tag-puebla","tag-sdr","tag-slide","tag-slideapp","tag-tejocote","tag-vinculacion"],"_links":{"self":[{"href":"https:\/\/sintesis.com.mx\/puebla\/wp-json\/wp\/v2\/posts\/263780"}],"collection":[{"href":"https:\/\/sintesis.com.mx\/puebla\/wp-json\/wp\/v2\/posts"}],"about":[{"href":"https:\/\/sintesis.com.mx\/puebla\/wp-json\/wp\/v2\/types\/post"}],"author":[{"embeddable":true,"href":"https:\/\/sintesis.com.mx\/puebla\/wp-json\/wp\/v2\/users\/26"}],"replies":[{"embeddable":true,"href":"https:\/\/sintesis.com.mx\/puebla\/wp-json\/wp\/v2\/comments?post=263780"}],"version-history":[{"count":0,"href":"https:\/\/sintesis.com.mx\/puebla\/wp-json\/wp\/v2\/posts\/263780\/revisions"}],"wp:attachment":[{"href":"https:\/\/sintesis.com.mx\/puebla\/wp-json\/wp\/v2\/media?parent=263780"}],"wp:term":[{"taxonomy":"category","embeddable":true,"href":"https:\/\/sintesis.com.mx\/puebla\/wp-json\/wp\/v2\/categories?post=263780"},{"taxonomy":"post_tag","embeddable":true,"href":"https:\/\/sintesis.com.mx\/puebla\/wp-json\/wp\/v2\/tags?post=263780"},{"taxonomy":"yst_prominent_words","embeddable":true,"href":"https:\/\/sintesis.com.mx\/puebla\/wp-json\/wp\/v2\/yst_prominent_words?post=263780"}],"curies":[{"name":"wp","href":"https:\/\/api.w.org\/{rel}","templated":true}]}}