{"id":264142,"date":"2021-11-18T19:40:37","date_gmt":"2021-11-19T01:40:37","guid":{"rendered":"https:\/\/sintesis.com.mx\/puebla\/?p=264142"},"modified":"2021-11-18T19:40:37","modified_gmt":"2021-11-19T01:40:37","slug":"estacionamiento-calles-centro-historico-por-tiempo","status":"publish","type":"post","link":"https:\/\/sintesis.com.mx\/puebla\/2021\/11\/18\/estacionamiento-calles-centro-historico-por-tiempo\/","title":{"rendered":"Estacionamiento en calles del Centro Hist\u00f3rico ser\u00e1 por tiempo"},"content":{"rendered":"<p>Adem\u00e1s de que <strong>se limitar\u00e1 el tiempo de estacionamiento en las calles del centro hist\u00f3rico<\/strong>, el Ayuntamiento de Puebla plantea la <strong>creaci\u00f3n de un grupo de \u201cagentes movilidad\u201d que\u00a0 despejar\u00e1n los veh\u00edculos estacionados en doble fila<\/strong>.<\/p>\n<p>La encargada de despacho de la <strong>Secretar\u00eda de Movilidad, Rub\u00ed V\u00e1zquez Cruz,<\/strong> sobre el primer tema, dijo que se busca gestionar el espacio p\u00fablico para que haya m\u00e1s gente en el centro hist\u00f3rico.<\/p>\n<p>Una de las escusas recurrentes es la falta de aparcamiento o estacionamientos muy costosos, de ah\u00ed la idea de que haya fluidez en los espacios.<\/p>\n<p><strong>Mencion\u00f3 que se trabaja en la iniciativa para que todas y todos los poblanos sepan cu\u00e1nto tiempo pueden estar en el sitio<\/strong>.<\/p>\n<p>\u201cQue sean compartidos y se den cuenta que el veh\u00edculo debe moverse para que otra persona pueda usarlo. Estamos paneando haciendo levantamiento en campo para ver cu\u00e1l es la rotaci\u00f3n de estacionamiento que estamos teniendo con miras para ampliar los pol\u00edgonos\u201d.<\/p>\n<p>Ante la comisi\u00f3n de infraestructura, movilidad y servicios p\u00fablicos, y con relaci\u00f3n al grupo de agentes de movilidad, coment\u00f3 que la misi\u00f3n es que, amablemente, se acerquen a los conductores y pidan su retiro de las dobles filas, otra de las problem\u00e1ticas a las que se enfrentan los caminantes.<\/p>\n<p>\u201cEstamos trabajando en un grupo de agentes de\u00a0 movilidad son personas que nos ayudar\u00e1n a gestionar el espacio p\u00fablico. Son personas\u00a0 que se acercar\u00e1n amigablemente para que se muevan, evitar las dobles filas,\u00a0 nos hace falta este acercamiento porque no seguimos el reglamento de tr\u00e1nsito\u201d.<\/p>\n<p><strong>Eval\u00faan que apertura peatonal sea permanente <\/strong><\/p>\n<p>La funcionaria expres\u00f3 que, en coordinaci\u00f3n con la gerencia del centro hist\u00f3rico, los fines de semana estar\u00e1 abiertas las calles al paso peatonal, tal como lo fue del viernes 12 al lunes 15 de noviembre.<\/p>\n<p>Se busca que esta medida sea permanente, aunque si no se puede, llevar\u00e1n a cabo una reconfiguraci\u00f3n interna, debido\u00a0 al \u00e9xito que tuvo durante aquel lapso, con m\u00e1s de 100 mil personas.<\/p>\n<p>\u201cLos dos fines de semana hubo una afluencia de m\u00e1s de 100 mil personas, queremos ver si es permanente o hacer una reconfiguraci\u00f3n interna\u201d.<\/p>\n<p>Agreg\u00f3 que la v\u00eda recreativa se llamar\u00e1 Gran Paseo de Puebla, y est\u00e1n impulsando su ampliaci\u00f3n o reubicaci\u00f3n.<\/p>\n<p>\u201cEstamos haciendo el an\u00e1lisis para ampliarla o reubicar pero por el momento llevamos dos Gran\u00a0Paseos de Puebla de 5 a 6 mil personas\u201d.<\/p>\n","protected":false},"excerpt":{"rendered":"<p>Adem\u00e1s de que se limitar\u00e1 el tiempo de estacionamiento en las calles del centro hist\u00f3rico, el Ayuntamiento de Puebla plantea la creaci\u00f3n de un grupo de \u201cagentes movilidad\u201d que\u00a0 despejar\u00e1n los veh\u00edculos estacionados en doble fila. La encargada de despacho de la Secretar\u00eda de Movilidad, Rub\u00ed V\u00e1zquez Cruz, sobre el primer tema, dijo que se [&hellip;]<\/p>\n","protected":false},"author":9,"featured_media":0,"comment_status":"open","ping_status":"open","sticky":false,"template":"","format":"standard","meta":{"footnotes":""},"categories":[3],"tags":[995,574,77310,65,27,8254,77311,77309,13706],"yst_prominent_words":[30047,32020,31912,29724,30257,30256,32954,30450,30264,29720,29873,29562,29798],"class_list":["post-264142","post","type-post","status-publish","format-standard","hentry","category-puebla","tag-ayuntamiento-de-puebla","tag-centro-historico","tag-encargada-de-despacho-movilidad","tag-esnoticia","tag-hoyesnoticia","tag-hoyesnoticiaapp","tag-rubi-vazquez-cruz","tag-sin-aparca","tag-tiempos"],"_links":{"self":[{"href":"https:\/\/sintesis.com.mx\/puebla\/wp-json\/wp\/v2\/posts\/264142"}],"collection":[{"href":"https:\/\/sintesis.com.mx\/puebla\/wp-json\/wp\/v2\/posts"}],"about":[{"href":"https:\/\/sintesis.com.mx\/puebla\/wp-json\/wp\/v2\/types\/post"}],"author":[{"embeddable":true,"href":"https:\/\/sintesis.com.mx\/puebla\/wp-json\/wp\/v2\/users\/9"}],"replies":[{"embeddable":true,"href":"https:\/\/sintesis.com.mx\/puebla\/wp-json\/wp\/v2\/comments?post=264142"}],"version-history":[{"count":0,"href":"https:\/\/sintesis.com.mx\/puebla\/wp-json\/wp\/v2\/posts\/264142\/revisions"}],"wp:attachment":[{"href":"https:\/\/sintesis.com.mx\/puebla\/wp-json\/wp\/v2\/media?parent=264142"}],"wp:term":[{"taxonomy":"category","embeddable":true,"href":"https:\/\/sintesis.com.mx\/puebla\/wp-json\/wp\/v2\/categories?post=264142"},{"taxonomy":"post_tag","embeddable":true,"href":"https:\/\/sintesis.com.mx\/puebla\/wp-json\/wp\/v2\/tags?post=264142"},{"taxonomy":"yst_prominent_words","embeddable":true,"href":"https:\/\/sintesis.com.mx\/puebla\/wp-json\/wp\/v2\/yst_prominent_words?post=264142"}],"curies":[{"name":"wp","href":"https:\/\/api.w.org\/{rel}","templated":true}]}}