{"id":266223,"date":"2021-11-30T16:10:50","date_gmt":"2021-11-30T22:10:50","guid":{"rendered":"https:\/\/sintesis.com.mx\/puebla\/?p=266223"},"modified":"2021-11-30T16:10:50","modified_gmt":"2021-11-30T22:10:50","slug":"capacitaciones-smt-promueve","status":"publish","type":"post","link":"https:\/\/sintesis.com.mx\/puebla\/2021\/11\/30\/capacitaciones-smt-promueve\/","title":{"rendered":"Con capacitaciones, SMT promueve inclusi\u00f3n y equidad en servicios de taxi"},"content":{"rendered":"<p class=\"yiv5445510203MsoNormal\"><i>\u00a0<\/i>Para <strong>fortalecer un servicio de transporte mercantil seguro y con perspectiva de g\u00e9nero y no discriminaci\u00f3n<\/strong>, la <strong>Secretar\u00eda de Movilidad y <a href=\"https:\/\/sintesis.com.mx\/puebla\/2021\/11\/30\/puebla-convierte-estado\/\">Transporte<\/a> (<a href=\"https:\/\/twitter.com\/MTGobPue?ref_src=twsrc%5Egoogle%7Ctwcamp%5Eserp%7Ctwgr%5Eauthor\">SMT<\/a>)<\/strong> imparti\u00f3 capacitaciones a 40 conductores pertenecientes al Movimiento Nacional Taxista.<\/p>\n<p class=\"yiv5445510203MsoNormal\">Las y los participantes fueron instruidos en temas sobre jerarqu\u00eda de la movilidad, inclusi\u00f3n y equidad en la movilidad de personas con discapacidad y adultos mayores, as\u00ed como protocolos de emergencia en caso de accidentes.<\/p>\n<p class=\"yiv5445510203MsoNormal\">Durante la instrucci\u00f3n, estuvieron presentes el director de Capacitaci\u00f3n y Pol\u00edticas Vehiculares de la Secretar\u00eda, Edmundo Juventino Mart\u00ednez Lima y la presidenta del Movimiento Nacional Taxista, Erika D\u00edaz Flores, quienes celebraron la oportunidad de brindar contenido en materia de estereotipos de g\u00e9nero y para c\u00f3mo aplicar estrategias de prevenci\u00f3n de la violencia contra las mujeres desde el servicio de taxi.<\/p>\n<p class=\"yiv5445510203MsoNormal\">Con estas actividades para mejorar el servicio de las y los transportistas en materia de igualdad de g\u00e9nero, no discriminaci\u00f3n y respeto a los derechos humanos, la SMT impulsa un modelo de movilidad accesible para todas y todos.<\/p>\n\n","protected":false},"excerpt":{"rendered":"<p>\u00a0Para fortalecer un servicio de transporte mercantil seguro y con perspectiva de g\u00e9nero y no discriminaci\u00f3n, la Secretar\u00eda de Movilidad y Transporte (SMT) imparti\u00f3 capacitaciones a 40 conductores pertenecientes al Movimiento Nacional Taxista. Las y los participantes fueron instruidos en temas sobre jerarqu\u00eda de la movilidad, inclusi\u00f3n y equidad en la movilidad de personas con [&hellip;]<\/p>\n","protected":false},"author":26,"featured_media":0,"comment_status":"open","ping_status":"open","sticky":false,"template":"","format":"standard","meta":{"footnotes":""},"categories":[72262,3,11],"tags":[25061,12836,3298,8095,54034,18,2839,23,8253,18877,4101],"yst_prominent_words":[39465,29668,31908,29720,31960,30023,29660,30702,41143,57211,29718],"class_list":["post-266223","post","type-post","status-publish","format-standard","hentry","category-gobierno","category-puebla","category-slide","tag-capacitaciones","tag-equidad","tag-gobierno","tag-inclusion","tag-promueve","tag-puebla","tag-servicios","tag-slide","tag-slideapp","tag-smt","tag-taxi"],"_links":{"self":[{"href":"https:\/\/sintesis.com.mx\/puebla\/wp-json\/wp\/v2\/posts\/266223"}],"collection":[{"href":"https:\/\/sintesis.com.mx\/puebla\/wp-json\/wp\/v2\/posts"}],"about":[{"href":"https:\/\/sintesis.com.mx\/puebla\/wp-json\/wp\/v2\/types\/post"}],"author":[{"embeddable":true,"href":"https:\/\/sintesis.com.mx\/puebla\/wp-json\/wp\/v2\/users\/26"}],"replies":[{"embeddable":true,"href":"https:\/\/sintesis.com.mx\/puebla\/wp-json\/wp\/v2\/comments?post=266223"}],"version-history":[{"count":0,"href":"https:\/\/sintesis.com.mx\/puebla\/wp-json\/wp\/v2\/posts\/266223\/revisions"}],"wp:attachment":[{"href":"https:\/\/sintesis.com.mx\/puebla\/wp-json\/wp\/v2\/media?parent=266223"}],"wp:term":[{"taxonomy":"category","embeddable":true,"href":"https:\/\/sintesis.com.mx\/puebla\/wp-json\/wp\/v2\/categories?post=266223"},{"taxonomy":"post_tag","embeddable":true,"href":"https:\/\/sintesis.com.mx\/puebla\/wp-json\/wp\/v2\/tags?post=266223"},{"taxonomy":"yst_prominent_words","embeddable":true,"href":"https:\/\/sintesis.com.mx\/puebla\/wp-json\/wp\/v2\/yst_prominent_words?post=266223"}],"curies":[{"name":"wp","href":"https:\/\/api.w.org\/{rel}","templated":true}]}}