{"id":267275,"date":"2021-12-06T16:03:13","date_gmt":"2021-12-06T22:03:13","guid":{"rendered":"https:\/\/sintesis.com.mx\/puebla\/?p=267275"},"modified":"2021-12-06T16:03:13","modified_gmt":"2021-12-06T22:03:13","slug":"operativos-smt-refuerza","status":"publish","type":"post","link":"https:\/\/sintesis.com.mx\/puebla\/2021\/12\/06\/operativos-smt-refuerza\/","title":{"rendered":"Con operativos, SMT refuerza cumplimiento de medidas sanitarias en el transporte"},"content":{"rendered":"<p class=\"yiv9986615928gmail-MsoNormalCxSpMiddle\">Del <strong>01 al 06 de diciembre, la Secretar\u00eda de Movilidad y <a href=\"https:\/\/sintesis.com.mx\/puebla\/2021\/12\/03\/unidades-moviles-smt-beneficia-900-personas\/\">Transporte<\/a> (<a href=\"https:\/\/twitter.com\/MTGobPue?ref_src=twsrc%5Egoogle%7Ctwcamp%5Eserp%7Ctwgr%5Eauthor\">SMT<\/a>) realiz\u00f3 18 recorridos para inspeccionar 428 unidades del transporte p\u00fablico<\/strong> que circulan en la capital y zona conurbada, con el objetivo de verificar el cumplimiento de los protocolos sanitarios y medidas de sana distancia.<\/p>\n<p class=\"yiv9986615928gmail-MsoNormalCxSpMiddle\">En compa\u00f1\u00eda de personal de las secretar\u00edas de Salud y Seguridad P\u00fablica, as\u00ed como de la Coordinaci\u00f3n General de Protecci\u00f3n Civil Estatal, las y los supervisores de la dependencia reiteraron la importancia del uso de cubrebocas y gel antibacterial, as\u00ed como de los protocolos sanitarios.<\/p>\n<p class=\"yiv9986615928gmail-MsoNormalCxSpMiddle\">Los operativos abarcaron los bulevares Norte, Forjadores, Esteban de Antu\u00f1ano, Hermanos Serd\u00e1n, Carlos Camacho Esp\u00edritu y Xonacatepec, la Prolongaci\u00f3n Reforma, 24 Sur, 88 Poniente, 7 Norte, Avenida de los M\u00e1rtires 2 de Octubre, Circuito Juan Pablo II, Calle 16 de Septiembre y Avenida San Claudio.<\/p>\n<p class=\"yiv9986615928gmail-MsoNormalCxSpMiddle\">Gracias a la implementaci\u00f3n coordinada y permanente de estos operativos, el Gobierno del Estado mantiene las medidas de protecci\u00f3n contra el virus SARS-CoV-2 a fin de garantizar que el trayecto sea seguro para las y los usuarios.<\/p>\n\n","protected":false},"excerpt":{"rendered":"<p>Del 01 al 06 de diciembre, la Secretar\u00eda de Movilidad y Transporte (SMT) realiz\u00f3 18 recorridos para inspeccionar 428 unidades del transporte p\u00fablico que circulan en la capital y zona conurbada, con el objetivo de verificar el cumplimiento de los protocolos sanitarios y medidas de sana distancia. En compa\u00f1\u00eda de personal de las secretar\u00edas de [&hellip;]<\/p>\n","protected":false},"author":26,"featured_media":0,"comment_status":"open","ping_status":"open","sticky":false,"template":"","format":"standard","meta":{"footnotes":""},"categories":[72262,3,11],"tags":[25314,3298,36000,3808,18,69103,55523,23,8253,18877,4029],"yst_prominent_words":[34030,32411,29681,29730,29905,30455,40815,29718],"class_list":["post-267275","post","type-post","status-publish","format-standard","hentry","category-gobierno","category-puebla","category-slide","tag-cumplimiento","tag-gobierno","tag-medidas","tag-operativos","tag-puebla","tag-refuerza","tag-sanitarias","tag-slide","tag-slideapp","tag-smt","tag-transporte"],"_links":{"self":[{"href":"https:\/\/sintesis.com.mx\/puebla\/wp-json\/wp\/v2\/posts\/267275"}],"collection":[{"href":"https:\/\/sintesis.com.mx\/puebla\/wp-json\/wp\/v2\/posts"}],"about":[{"href":"https:\/\/sintesis.com.mx\/puebla\/wp-json\/wp\/v2\/types\/post"}],"author":[{"embeddable":true,"href":"https:\/\/sintesis.com.mx\/puebla\/wp-json\/wp\/v2\/users\/26"}],"replies":[{"embeddable":true,"href":"https:\/\/sintesis.com.mx\/puebla\/wp-json\/wp\/v2\/comments?post=267275"}],"version-history":[{"count":0,"href":"https:\/\/sintesis.com.mx\/puebla\/wp-json\/wp\/v2\/posts\/267275\/revisions"}],"wp:attachment":[{"href":"https:\/\/sintesis.com.mx\/puebla\/wp-json\/wp\/v2\/media?parent=267275"}],"wp:term":[{"taxonomy":"category","embeddable":true,"href":"https:\/\/sintesis.com.mx\/puebla\/wp-json\/wp\/v2\/categories?post=267275"},{"taxonomy":"post_tag","embeddable":true,"href":"https:\/\/sintesis.com.mx\/puebla\/wp-json\/wp\/v2\/tags?post=267275"},{"taxonomy":"yst_prominent_words","embeddable":true,"href":"https:\/\/sintesis.com.mx\/puebla\/wp-json\/wp\/v2\/yst_prominent_words?post=267275"}],"curies":[{"name":"wp","href":"https:\/\/api.w.org\/{rel}","templated":true}]}}