{"id":268032,"date":"2021-12-09T17:14:53","date_gmt":"2021-12-09T23:14:53","guid":{"rendered":"https:\/\/sintesis.com.mx\/puebla\/?p=268032"},"modified":"2021-12-09T17:14:53","modified_gmt":"2021-12-09T23:14:53","slug":"organiza-secretaria-cultura","status":"publish","type":"post","link":"https:\/\/sintesis.com.mx\/puebla\/2021\/12\/09\/organiza-secretaria-cultura\/","title":{"rendered":"Organiza Secretar\u00eda de Cultura Expo-Venta \u00abRegalo Artesanal Navide\u00f1o\u00bb"},"content":{"rendered":"<p class=\"yiv5459207705MsoNormal\">A fin de <strong>impulsar las creaciones artesanales de Puebla, la <a href=\"https:\/\/twitter.com\/CulturaGobPue?ref_src=twsrc%5Egoogle%7Ctwcamp%5Eserp%7Ctwgr%5Eauthor\">Secretar\u00eda<\/a> de <a href=\"https:\/\/sintesis.com.mx\/puebla\/2021\/12\/09\/puebla-expondra-patrimonio\/\">Cultura<\/a> realizar\u00e1 la Expo-venta \u201cRegalo Artesanal Navide\u00f1o\u201d del 10 al 12 de diciembre en la Casa de la Cultura \u201cProfesor Pedro \u00c1ngel Palou\u201d,<\/strong> con la participaci\u00f3n de 40 artesanas y artesanos de diversos municipios.<\/p>\n<p class=\"yiv5459207705MsoNormal\">Algunos de los productos que ser\u00e1n comercializados est\u00e1n elaborados de textil, palma, papel amate, chaquira, cartoner\u00eda, alfarer\u00eda, lapidaria y talabarter\u00eda; asimismo, las y los interesados podr\u00e1n encontrar joyer\u00eda, juguetes, arte en pluma, caf\u00e9, jabones y gastronom\u00eda artesanal y agricultura agroecol\u00f3gica.<\/p>\n<blockquote class=\"twitter-tweet\" data-width=\"550\" data-dnt=\"true\">\n<p lang=\"es\" dir=\"ltr\"><a href=\"https:\/\/twitter.com\/hashtag\/Cultura?src=hash&amp;ref_src=twsrc%5Etfw\">#Cultura<\/a> I Organiza Secretar\u00eda de Cultura Expo-Venta &quot;Regalo Artesanal Navide\u00f1o&quot;, <a href=\"https:\/\/twitter.com\/CulturaGobPue?ref_src=twsrc%5Etfw\">@CulturaGobPue<\/a> <a href=\"https:\/\/t.co\/QZJTaFzAf7\">pic.twitter.com\/QZJTaFzAf7<\/a><\/p>\n<p>&mdash; S\u00edntesis Puebla (@sintesisweb) <a href=\"https:\/\/twitter.com\/sintesisweb\/status\/1469081871908806667?ref_src=twsrc%5Etfw\">December 9, 2021<\/a><\/p><\/blockquote>\n<p><script async src=\"https:\/\/platform.twitter.com\/widgets.js\" charset=\"utf-8\"><\/script><\/p>\n<p class=\"yiv5459207705MsoNormal\">En este evento navide\u00f1o, enmarcado en la campa\u00f1a \u00ab\u00a1Que Reviva Puebla!\u00bb participan artesanas y artesanos de Puebla, Pahuatl\u00e1n, San Gabriel Chilac, Cuetzalan, Xochitl\u00e1n de Vicente Su\u00e1rez, Huixcolotla, Iz\u00facar de Matamoros, Huauchinango, San Nicol\u00e1s de los Ranchos, Teziutl\u00e1n y San Sebasti\u00e1n Tlacotepec.<\/p>\n<p class=\"yiv5459207705MsoNormal\">Esta expo, abierta al p\u00fablico de 10:00 a 18:00 horas, tiene como fin ofrecer a las y los ciudadanos opciones para regalar en estas fiestas decembrinas. Para m\u00e1s informaci\u00f3n, la sociedad puede consultar la p\u00e1gina de Facebook: Artesan\u00edas de Puebla y de Twitter: @ArtesaniaPuebla.<\/p>\n\n","protected":false},"excerpt":{"rendered":"<p>A fin de impulsar las creaciones artesanales de Puebla, la Secretar\u00eda de Cultura realizar\u00e1 la Expo-venta \u201cRegalo Artesanal Navide\u00f1o\u201d del 10 al 12 de diciembre en la Casa de la Cultura \u201cProfesor Pedro \u00c1ngel Palou\u201d, con la participaci\u00f3n de 40 artesanas y artesanos de diversos municipios. Algunos de los productos que ser\u00e1n comercializados est\u00e1n elaborados [&hellip;]<\/p>\n","protected":false},"author":26,"featured_media":0,"comment_status":"open","ping_status":"open","sticky":false,"template":"","format":"standard","meta":{"footnotes":""},"categories":[5,72262,3,11],"tags":[9358,30,76524,3298,61828,62342,18,77846,5856,23,8253],"yst_prominent_words":[67604,53254,41094,29647,30466,58158,29562,29640],"class_list":["post-268032","post","type-post","status-publish","format-standard","hentry","category-cultura","category-gobierno","category-puebla","category-slide","tag-artesanal","tag-cultura","tag-expo-venta","tag-gobierno","tag-navideno","tag-organiza","tag-puebla","tag-regalo","tag-secretaria","tag-slide","tag-slideapp"],"_links":{"self":[{"href":"https:\/\/sintesis.com.mx\/puebla\/wp-json\/wp\/v2\/posts\/268032"}],"collection":[{"href":"https:\/\/sintesis.com.mx\/puebla\/wp-json\/wp\/v2\/posts"}],"about":[{"href":"https:\/\/sintesis.com.mx\/puebla\/wp-json\/wp\/v2\/types\/post"}],"author":[{"embeddable":true,"href":"https:\/\/sintesis.com.mx\/puebla\/wp-json\/wp\/v2\/users\/26"}],"replies":[{"embeddable":true,"href":"https:\/\/sintesis.com.mx\/puebla\/wp-json\/wp\/v2\/comments?post=268032"}],"version-history":[{"count":0,"href":"https:\/\/sintesis.com.mx\/puebla\/wp-json\/wp\/v2\/posts\/268032\/revisions"}],"wp:attachment":[{"href":"https:\/\/sintesis.com.mx\/puebla\/wp-json\/wp\/v2\/media?parent=268032"}],"wp:term":[{"taxonomy":"category","embeddable":true,"href":"https:\/\/sintesis.com.mx\/puebla\/wp-json\/wp\/v2\/categories?post=268032"},{"taxonomy":"post_tag","embeddable":true,"href":"https:\/\/sintesis.com.mx\/puebla\/wp-json\/wp\/v2\/tags?post=268032"},{"taxonomy":"yst_prominent_words","embeddable":true,"href":"https:\/\/sintesis.com.mx\/puebla\/wp-json\/wp\/v2\/yst_prominent_words?post=268032"}],"curies":[{"name":"wp","href":"https:\/\/api.w.org\/{rel}","templated":true}]}}