{"id":271865,"date":"2022-01-11T10:41:51","date_gmt":"2022-01-11T16:41:51","guid":{"rendered":"https:\/\/sintesis.com.mx\/puebla\/?p=271865"},"modified":"2022-01-11T10:41:51","modified_gmt":"2022-01-11T16:41:51","slug":"mandos-scc-no-tenian-pruebas","status":"publish","type":"post","link":"https:\/\/sintesis.com.mx\/puebla\/2022\/01\/11\/mandos-scc-no-tenian-pruebas\/","title":{"rendered":"Mandos de la SCC no ten\u00edan pruebas de confianza, revel\u00f3 Eduardo Rivera"},"content":{"rendered":"<p>Tras revelar que los <strong>mandos de la Secretar\u00eda de Seguridad Ciudadana no contaban con pruebas de confianza<\/strong>, el <strong><a href=\"https:\/\/sintesis.com.mx\/puebla\/2022\/01\/11\/ayuntamiento-puebla-registra\/\">edil<\/a> <a href=\"https:\/\/twitter.com\/eduardorivera01?ref_src=twsrc%5Egoogle%7Ctwcamp%5Eserp%7Ctwgr%5Eauthor\">Eduardo Rivera P\u00e9rez<\/a> responsabiliz\u00f3 a la anterior administraci\u00f3n de los \u00edndices de inseguridad en 2021<\/strong>.<\/p>\n<p>\u201cPor supuesto que representa una responsabilidad en gran parte a la anterior administraci\u00f3n, no de este gobierno municipal, es importante ser objetivos, que a\u00fan a pesar de que se recibi\u00f3 la ciudad con un alto \u00edndice delictivo, hubo menos delitos a\u00fan con la pandemia\u201d.<\/p>\n<p>Subray\u00f3 que las estad\u00edsticas nacional y estatal informan de una baja en la inseguridad en la actualidad, aunque recibieron una ciudad llena de complejidades.<\/p>\n<p>Fue en este momento que revel\u00f3 que los mandos, varios de ellos, no ten\u00edan aprobadas sus pruebas de confianza marcadas por ley.<\/p>\n<p>\u201cQu\u00e9 estamos haciendo, poner orden al interior de la corporaci\u00f3n y tengan aprobados sus ex\u00e1menes. Trabajamos \u00a0todos los d\u00edas en el tema de seguridad p\u00fablica, es uno de los retos\u201d.<\/p>\n<p>Sostuvo que este a\u00f1o deben disminuir los datos, esa es una de sus metas para que las personas puedan sentir el cambio de rumbo.<\/p>\n<p>&nbsp;<\/p>\n","protected":false},"excerpt":{"rendered":"<p>Tras revelar que los mandos de la Secretar\u00eda de Seguridad Ciudadana no contaban con pruebas de confianza, el edil Eduardo Rivera P\u00e9rez responsabiliz\u00f3 a la anterior administraci\u00f3n de los \u00edndices de inseguridad en 2021. \u201cPor supuesto que representa una responsabilidad en gran parte a la anterior administraci\u00f3n, no de este gobierno municipal, es importante ser [&hellip;]<\/p>\n","protected":false},"author":9,"featured_media":0,"comment_status":"open","ping_status":"open","sticky":false,"template":"","format":"standard","meta":{"footnotes":""},"categories":[72263,3,11],"tags":[425,19670,356,418,32166,7673,18,27735,78429,23,8253],"yst_prominent_words":[29585,29666,30179,31160,30403,31329,29580],"class_list":["post-271865","post","type-post","status-publish","format-standard","hentry","category-capital","category-puebla","category-slide","tag-ayuntamiento","tag-capital","tag-eduardo-rivera-perez","tag-inseguridad","tag-mandos","tag-presidente-municipal","tag-puebla","tag-secretaria-de-seguridad-ciudadana","tag-sin-examenes","tag-slide","tag-slideapp"],"_links":{"self":[{"href":"https:\/\/sintesis.com.mx\/puebla\/wp-json\/wp\/v2\/posts\/271865"}],"collection":[{"href":"https:\/\/sintesis.com.mx\/puebla\/wp-json\/wp\/v2\/posts"}],"about":[{"href":"https:\/\/sintesis.com.mx\/puebla\/wp-json\/wp\/v2\/types\/post"}],"author":[{"embeddable":true,"href":"https:\/\/sintesis.com.mx\/puebla\/wp-json\/wp\/v2\/users\/9"}],"replies":[{"embeddable":true,"href":"https:\/\/sintesis.com.mx\/puebla\/wp-json\/wp\/v2\/comments?post=271865"}],"version-history":[{"count":0,"href":"https:\/\/sintesis.com.mx\/puebla\/wp-json\/wp\/v2\/posts\/271865\/revisions"}],"wp:attachment":[{"href":"https:\/\/sintesis.com.mx\/puebla\/wp-json\/wp\/v2\/media?parent=271865"}],"wp:term":[{"taxonomy":"category","embeddable":true,"href":"https:\/\/sintesis.com.mx\/puebla\/wp-json\/wp\/v2\/categories?post=271865"},{"taxonomy":"post_tag","embeddable":true,"href":"https:\/\/sintesis.com.mx\/puebla\/wp-json\/wp\/v2\/tags?post=271865"},{"taxonomy":"yst_prominent_words","embeddable":true,"href":"https:\/\/sintesis.com.mx\/puebla\/wp-json\/wp\/v2\/yst_prominent_words?post=271865"}],"curies":[{"name":"wp","href":"https:\/\/api.w.org\/{rel}","templated":true}]}}