{"id":272508,"date":"2022-01-15T15:17:39","date_gmt":"2022-01-15T21:17:39","guid":{"rendered":"https:\/\/sintesis.com.mx\/puebla\/?p=272508"},"modified":"2022-01-15T15:17:39","modified_gmt":"2022-01-15T21:17:39","slug":"construye-aula-didactica","status":"publish","type":"post","link":"https:\/\/sintesis.com.mx\/puebla\/2022\/01\/15\/construye-aula-didactica\/","title":{"rendered":"Se construye un aula did\u00e1ctica en la extensi\u00f3n de la escuela Telesecundaria Francisco Villa"},"content":{"rendered":"<p><strong>Amozoc.<\/strong> Por <strong>instrucciones del presidente <a href=\"https:\/\/sintesis.com.mx\/puebla\/2022\/01\/15\/mario-rosa-romero-obra\/\">municipal<\/a>, <a href=\"https:\/\/mobile.twitter.com\/mariodela_rosa\">Mario de la Rosa Romero<\/a>, se construye un aula did\u00e1ctica en la extensi\u00f3n<\/strong> de la <strong>escuela Telesecundaria Francisco Villa, perteneciente a la localidad de San Jacinto<\/strong>.<\/p>\n<p>Es importante se\u00f1alar que junto a dicha obra tambi\u00e9n se construye un preescolar.<\/p>\n<p>Tras la donaci\u00f3n de su salario por parte del presidente municipal Mario de la Rosa Romero al comit\u00e9 de educaci\u00f3n de San Jacinto para la adquisici\u00f3n de terreno y construcci\u00f3n de un preescolar, aqu\u00ed te mostramos los avances.<\/p>\n<p>En breve los peque\u00f1os tendr\u00e1n un espacio digno para desarrollar sus habilidades y un mejor aprendizaje.<\/p>\n\n","protected":false},"excerpt":{"rendered":"<p>Amozoc. Por instrucciones del presidente municipal, Mario de la Rosa Romero, se construye un aula did\u00e1ctica en la extensi\u00f3n de la escuela Telesecundaria Francisco Villa, perteneciente a la localidad de San Jacinto. Es importante se\u00f1alar que junto a dicha obra tambi\u00e9n se construye un preescolar. Tras la donaci\u00f3n de su salario por parte del presidente [&hellip;]<\/p>\n","protected":false},"author":26,"featured_media":0,"comment_status":"open","ping_status":"open","sticky":false,"template":"","format":"standard","meta":{"footnotes":""},"categories":[17328,9,3,11],"tags":[334,71611,72287,78540,516,78541,78542,28,18,23,8253,10869],"yst_prominent_words":[30092,29936,36540,29816,40167,40164,29910,30887,30882,40165,29954,30890,36546,29640,45746],"class_list":["post-272508","post","type-post","status-publish","format-standard","hentry","category-amozoc","category-municipios","category-puebla","category-slide","tag-amozoc","tag-aula","tag-construye","tag-didactica","tag-escuela","tag-extension","tag-francisco-villa","tag-municipios","tag-puebla","tag-slide","tag-slideapp","tag-telesecundaria"],"_links":{"self":[{"href":"https:\/\/sintesis.com.mx\/puebla\/wp-json\/wp\/v2\/posts\/272508"}],"collection":[{"href":"https:\/\/sintesis.com.mx\/puebla\/wp-json\/wp\/v2\/posts"}],"about":[{"href":"https:\/\/sintesis.com.mx\/puebla\/wp-json\/wp\/v2\/types\/post"}],"author":[{"embeddable":true,"href":"https:\/\/sintesis.com.mx\/puebla\/wp-json\/wp\/v2\/users\/26"}],"replies":[{"embeddable":true,"href":"https:\/\/sintesis.com.mx\/puebla\/wp-json\/wp\/v2\/comments?post=272508"}],"version-history":[{"count":0,"href":"https:\/\/sintesis.com.mx\/puebla\/wp-json\/wp\/v2\/posts\/272508\/revisions"}],"wp:attachment":[{"href":"https:\/\/sintesis.com.mx\/puebla\/wp-json\/wp\/v2\/media?parent=272508"}],"wp:term":[{"taxonomy":"category","embeddable":true,"href":"https:\/\/sintesis.com.mx\/puebla\/wp-json\/wp\/v2\/categories?post=272508"},{"taxonomy":"post_tag","embeddable":true,"href":"https:\/\/sintesis.com.mx\/puebla\/wp-json\/wp\/v2\/tags?post=272508"},{"taxonomy":"yst_prominent_words","embeddable":true,"href":"https:\/\/sintesis.com.mx\/puebla\/wp-json\/wp\/v2\/yst_prominent_words?post=272508"}],"curies":[{"name":"wp","href":"https:\/\/api.w.org\/{rel}","templated":true}]}}