{"id":272620,"date":"2022-01-16T16:08:33","date_gmt":"2022-01-16T22:08:33","guid":{"rendered":"https:\/\/sintesis.com.mx\/puebla\/?p=272620"},"modified":"2022-01-16T16:08:33","modified_gmt":"2022-01-16T22:08:33","slug":"reparte-sedif-aparatos","status":"publish","type":"post","link":"https:\/\/sintesis.com.mx\/puebla\/2022\/01\/16\/reparte-sedif-aparatos\/","title":{"rendered":"Reparte SEDIF mil 474 aparatos rehabilitatorios para personas del interior del estado"},"content":{"rendered":"<p class=\"yiv1014501214MsoNormal\"><span lang=\"ES\">Con la <strong>intenci\u00f3n de mejorar la calidad de vida de las personas con discapacidad y adultos mayores del interior del estado<\/strong>, el <strong>Sistema para el Desarrollo Integral de la Familia del Estado de <a href=\"https:\/\/sintesis.com.mx\/puebla\/2022\/01\/12\/reconoce-sedif-personal\/\">Puebla<\/a> (<a href=\"https:\/\/twitter.com\/DIFGobPue?ref_src=twsrc%5Egoogle%7Ctwcamp%5Eserp%7Ctwgr%5Eauthor\">SEDIF<\/a>) entreg\u00f3 mil 474 \u201caparatos rehabilitatorios y ayudas funcionales\u201d en las 27 delegaciones regionales<\/strong> con el fin de que, en los pr\u00f3ximos d\u00edas, sean repartidos a las y los poblanos de diversas comunidades que previamente realizaron su petici\u00f3n al organismo<\/span><span lang=\"ES\">\u00a0<\/span><\/p>\n<p class=\"yiv1014501214MsoNormal\"><span lang=\"ES\">Tales apoyos consisten en sillas de ruedas convencionales, PCI y PCA \u2013las dos \u00faltimas para personas con par\u00e1lisis cerebral infantil y adultos, respectivamente-, as\u00ed como andaderas, muletas y bastones tetr\u00e1podos y bastones blancos, los cuales, fueron distribuidos en el transcurso de la \u00faltima semana desde las oficinas centrales por personal de la Direcci\u00f3n de Inclusi\u00f3n y Rehabilitaci\u00f3n Social del SEDIF.<\/span><\/p>\n<p class=\"yiv1014501214MsoNormal\"><span lang=\"ES\">Es preciso comentar que las 27 delegaciones regionales abarcan todo el estado, cuyas sedes est\u00e1n asentadas en los municipios de: Xicotepec de Ju\u00e1rez, Zacapoaxtla, Tlatlauquitepec, Teziutl\u00e1n, San Mart\u00edn Texmelucan, Huejotzingo, Amozoc de Mota, Tepeaca, Cholula, Atlixco, Iz\u00facar de Matamoros, Acatl\u00e1n de Osorio Norte, Tehuac\u00e1n Sur y Tehuac\u00e1n Norte.<\/span><\/p>\n<p class=\"yiv1014501214MsoNormal\"><span lang=\"ES\">As\u00ed como Ajalpan, Acatl\u00e1n de Osorio Sur, Puebla Norte, Puebla Sur, Tecamachalco, Huauchinango, Zacatl\u00e1n, Chalchicomula de Sesma, Puebla Norponiente, Puebla Nororiente, Puebla Suroriente, Puebla Centro y Puebla Surponiente.<\/span><\/p>\n<p class=\"yiv1014501214MsoNormal\"><span lang=\"ES\">Con la distribuci\u00f3n de estos aparatos, el SEDIF mantiene la atenci\u00f3n a los sectores vulnerables de todo el estado como lo instruyen a diario la presidenta honoraria del Patronato del SEDIF, Rosario Orozco Caballero y la directora general, Leonor Vargas Gallegos.<\/span><\/p>\n\n","protected":false},"excerpt":{"rendered":"<p>Con la intenci\u00f3n de mejorar la calidad de vida de las personas con discapacidad y adultos mayores del interior del estado, el Sistema para el Desarrollo Integral de la Familia del Estado de Puebla (SEDIF) entreg\u00f3 mil 474 \u201caparatos rehabilitatorios y ayudas funcionales\u201d en las 27 delegaciones regionales con el fin de que, en los [&hellip;]<\/p>\n","protected":false},"author":26,"featured_media":0,"comment_status":"open","ping_status":"open","sticky":false,"template":"","format":"standard","meta":{"footnotes":""},"categories":[72262,3,11],"tags":[70556,4790,3298,70344,14904,18,78558,75531,478,23,8253],"yst_prominent_words":[31043,47185,39526,35922,37573,65327,35134,29681,40410,51394,53028,35615,29817],"class_list":["post-272620","post","type-post","status-publish","format-standard","hentry","category-gobierno","category-puebla","category-slide","tag-aparatos","tag-estado","tag-gobierno","tag-interior","tag-personas","tag-puebla","tag-rehabilitatorios","tag-reparte","tag-sedif","tag-slide","tag-slideapp"],"_links":{"self":[{"href":"https:\/\/sintesis.com.mx\/puebla\/wp-json\/wp\/v2\/posts\/272620"}],"collection":[{"href":"https:\/\/sintesis.com.mx\/puebla\/wp-json\/wp\/v2\/posts"}],"about":[{"href":"https:\/\/sintesis.com.mx\/puebla\/wp-json\/wp\/v2\/types\/post"}],"author":[{"embeddable":true,"href":"https:\/\/sintesis.com.mx\/puebla\/wp-json\/wp\/v2\/users\/26"}],"replies":[{"embeddable":true,"href":"https:\/\/sintesis.com.mx\/puebla\/wp-json\/wp\/v2\/comments?post=272620"}],"version-history":[{"count":0,"href":"https:\/\/sintesis.com.mx\/puebla\/wp-json\/wp\/v2\/posts\/272620\/revisions"}],"wp:attachment":[{"href":"https:\/\/sintesis.com.mx\/puebla\/wp-json\/wp\/v2\/media?parent=272620"}],"wp:term":[{"taxonomy":"category","embeddable":true,"href":"https:\/\/sintesis.com.mx\/puebla\/wp-json\/wp\/v2\/categories?post=272620"},{"taxonomy":"post_tag","embeddable":true,"href":"https:\/\/sintesis.com.mx\/puebla\/wp-json\/wp\/v2\/tags?post=272620"},{"taxonomy":"yst_prominent_words","embeddable":true,"href":"https:\/\/sintesis.com.mx\/puebla\/wp-json\/wp\/v2\/yst_prominent_words?post=272620"}],"curies":[{"name":"wp","href":"https:\/\/api.w.org\/{rel}","templated":true}]}}