{"id":273585,"date":"2022-01-23T18:48:25","date_gmt":"2022-01-24T00:48:25","guid":{"rendered":"https:\/\/sintesis.com.mx\/puebla\/?p=273585"},"modified":"2022-01-23T21:25:15","modified_gmt":"2022-01-24T03:25:15","slug":"apoya-bienestar-familias","status":"publish","type":"post","link":"https:\/\/sintesis.com.mx\/puebla\/2022\/01\/23\/apoya-bienestar-familias\/","title":{"rendered":"Apoya Bienestar a 90 familias de Chalchicomula y Palmar de Bravo con Cuartos Dormitorio"},"content":{"rendered":"<p><strong>Chalchicomula de Sesma.<\/strong> En atenci\u00f3n a la <strong>instrucci\u00f3n del gobernador Miguel Barbosa Huerta, de atender a las familias poblanas con carencia en la vivienda, la <a href=\"https:\/\/twitter.com\/Bienestar_Pue?ref_src=twsrc%5Egoogle%7Ctwcamp%5Eserp%7Ctwgr%5Eauthor\">Secretar\u00eda<\/a> de <a href=\"https:\/\/sintesis.com.mx\/puebla\/2022\/01\/18\/ejecuta-bienestar-acciones\/\">Bienestar<\/a> entreg\u00f3 90 acciones del programa Cuartos Dormitorio y Cuartos con Ba\u00f1o<\/strong> en esta regi\u00f3n del estado.<\/p>\n<p>Este programa atiende a las familias poblanas en situaci\u00f3n de pobreza que habitan en viviendas con carencia de calidad y espacios, por lo que a trav\u00e9s de la Subsecretar\u00eda de Vivienda, la dependencia construy\u00f3 40 cuartos dormitorio en este municipio y 50 m\u00e1s en el de Palmar de Bravo, acciones que benefician a m\u00e1s de 360 personas.<\/p>\n<p>Dicho programa ayud\u00f3 a Josefa Rodr\u00edguez Mora, de 68 a\u00f1os, debido a que actualmente en su casa viven cinco familias, por lo que agradeci\u00f3 al gobernador y a la Secretar\u00eda de Bienestar, la oportunidad de tener un nuevo cuarto dormitorio donde ya no pasar\u00e1 fr\u00edo.<\/p>\n<p>Con estas acciones, el gobierno de Puebla garantiza que las y los poblanos cuenten con mejores espacios en sus viviendas, a fin de reducir el hacinamiento en las familias y con ello mejorar la calidad de vida de los m\u00e1s vulnerables.<\/p>\n\n","protected":false},"excerpt":{"rendered":"<p>Chalchicomula de Sesma. En atenci\u00f3n a la instrucci\u00f3n del gobernador Miguel Barbosa Huerta, de atender a las familias poblanas con carencia en la vivienda, la Secretar\u00eda de Bienestar entreg\u00f3 90 acciones del programa Cuartos Dormitorio y Cuartos con Ba\u00f1o en esta regi\u00f3n del estado. Este programa atiende a las familias poblanas en situaci\u00f3n de pobreza [&hellip;]<\/p>\n","protected":false},"author":26,"featured_media":0,"comment_status":"open","ping_status":"open","sticky":false,"template":"","format":"standard","meta":{"footnotes":""},"categories":[72262,3,11],"tags":[69789,13010,78695,78696,18127,3789,3298,642,18,23,8253],"yst_prominent_words":[29925,31637,30286,55981,31996,32296,37344,29567,38309,29577,29660,33737,37177,33669],"class_list":["post-273585","post","type-post","status-publish","format-standard","hentry","category-gobierno","category-puebla","category-slide","tag-apoya","tag-bienestar","tag-chalchicomula","tag-cuartos","tag-dormitorio","tag-familias","tag-gobierno","tag-palmar-de-bravo","tag-puebla","tag-slide","tag-slideapp"],"_links":{"self":[{"href":"https:\/\/sintesis.com.mx\/puebla\/wp-json\/wp\/v2\/posts\/273585"}],"collection":[{"href":"https:\/\/sintesis.com.mx\/puebla\/wp-json\/wp\/v2\/posts"}],"about":[{"href":"https:\/\/sintesis.com.mx\/puebla\/wp-json\/wp\/v2\/types\/post"}],"author":[{"embeddable":true,"href":"https:\/\/sintesis.com.mx\/puebla\/wp-json\/wp\/v2\/users\/26"}],"replies":[{"embeddable":true,"href":"https:\/\/sintesis.com.mx\/puebla\/wp-json\/wp\/v2\/comments?post=273585"}],"version-history":[{"count":0,"href":"https:\/\/sintesis.com.mx\/puebla\/wp-json\/wp\/v2\/posts\/273585\/revisions"}],"wp:attachment":[{"href":"https:\/\/sintesis.com.mx\/puebla\/wp-json\/wp\/v2\/media?parent=273585"}],"wp:term":[{"taxonomy":"category","embeddable":true,"href":"https:\/\/sintesis.com.mx\/puebla\/wp-json\/wp\/v2\/categories?post=273585"},{"taxonomy":"post_tag","embeddable":true,"href":"https:\/\/sintesis.com.mx\/puebla\/wp-json\/wp\/v2\/tags?post=273585"},{"taxonomy":"yst_prominent_words","embeddable":true,"href":"https:\/\/sintesis.com.mx\/puebla\/wp-json\/wp\/v2\/yst_prominent_words?post=273585"}],"curies":[{"name":"wp","href":"https:\/\/api.w.org\/{rel}","templated":true}]}}