{"id":273742,"date":"2022-01-24T15:29:01","date_gmt":"2022-01-24T21:29:01","guid":{"rendered":"https:\/\/sintesis.com.mx\/puebla\/?p=273742"},"modified":"2022-01-24T15:30:23","modified_gmt":"2022-01-24T21:30:23","slug":"designa-gobernador-daniel","status":"publish","type":"post","link":"https:\/\/sintesis.com.mx\/puebla\/2022\/01\/24\/designa-gobernador-daniel\/","title":{"rendered":"Designa Gobernador a Daniel Iv\u00e1n Cruz Luna como titular de SSP"},"content":{"rendered":"<p>El <strong>gobernador Miguel Barbosa Huerta design\u00f3 como titular de la <a href=\"https:\/\/twitter.com\/SSPGobPue?ref_src=twsrc%5Egoogle%7Ctwcamp%5Eserp%7Ctwgr%5Eauthor\">Secretar\u00eda<\/a> de <a href=\"https:\/\/sintesis.com.mx\/puebla\/2022\/01\/24\/fiscalia-estado-tiene-avances\/\">Seguridad<\/a> P\u00fablica a Daniel Iv\u00e1n Cruz Luna<\/strong>, mientras que como <strong>subsecretario de Centros Penitenciarios a Jorge P\u00e9rez Melchor<\/strong>.<\/p>\n<p>Antes de su nombramiento, Cruz Luna fungi\u00f3 como administrador de los Juzgados de Oralidad Penal con sede en Puebla y fue asesor t\u00e9cnico de la Segunda Secci\u00f3n del Estado Mayor General de la Secretar\u00eda de Marina Armada de M\u00e9xico.<\/p>\n<p>Adem\u00e1s, fue docente en el Instituto de Estudios Jur\u00eddicos del Tribunal Superior de Justicia.<\/p>\n<p>En tanto, la titularidad de la Subsecretar\u00eda de Centros Penitenciarios de la Secretar\u00eda de Seguridad P\u00fablica, la ocupar\u00e1 Jorge P\u00e9rez Melchor, quien fue titular de la Unidad Especializada en Delitos contra la vida y la integridad corporal, perteneciente a la Fiscal\u00eda de Investigaci\u00f3n Metropolitana de la Fiscal\u00eda General del Estado.<\/p>\n","protected":false},"excerpt":{"rendered":"<p>El gobernador Miguel Barbosa Huerta design\u00f3 como titular de la Secretar\u00eda de Seguridad P\u00fablica a Daniel Iv\u00e1n Cruz Luna, mientras que como subsecretario de Centros Penitenciarios a Jorge P\u00e9rez Melchor. Antes de su nombramiento, Cruz Luna fungi\u00f3 como administrador de los Juzgados de Oralidad Penal con sede en Puebla y fue asesor t\u00e9cnico de la [&hellip;]<\/p>\n","protected":false},"author":26,"featured_media":0,"comment_status":"open","ping_status":"open","sticky":false,"template":"","format":"standard","meta":{"footnotes":""},"categories":[72262,1285,3,11],"tags":[78718,64312,5389,3298,1286,18,23,8253,429,51875],"yst_prominent_words":[29806,39051,31403,30081,35835,32581,43696,31587,29581,29660,30173,30172,29580,29576,31594],"class_list":["post-273742","post","type-post","status-publish","format-standard","hentry","category-gobierno","category-justicia","category-puebla","category-slide","tag-daniel-ivan-cruz-luna","tag-designa","tag-gobernador","tag-gobierno","tag-justicia","tag-puebla","tag-slide","tag-slideapp","tag-ssp","tag-titular"],"_links":{"self":[{"href":"https:\/\/sintesis.com.mx\/puebla\/wp-json\/wp\/v2\/posts\/273742"}],"collection":[{"href":"https:\/\/sintesis.com.mx\/puebla\/wp-json\/wp\/v2\/posts"}],"about":[{"href":"https:\/\/sintesis.com.mx\/puebla\/wp-json\/wp\/v2\/types\/post"}],"author":[{"embeddable":true,"href":"https:\/\/sintesis.com.mx\/puebla\/wp-json\/wp\/v2\/users\/26"}],"replies":[{"embeddable":true,"href":"https:\/\/sintesis.com.mx\/puebla\/wp-json\/wp\/v2\/comments?post=273742"}],"version-history":[{"count":0,"href":"https:\/\/sintesis.com.mx\/puebla\/wp-json\/wp\/v2\/posts\/273742\/revisions"}],"wp:attachment":[{"href":"https:\/\/sintesis.com.mx\/puebla\/wp-json\/wp\/v2\/media?parent=273742"}],"wp:term":[{"taxonomy":"category","embeddable":true,"href":"https:\/\/sintesis.com.mx\/puebla\/wp-json\/wp\/v2\/categories?post=273742"},{"taxonomy":"post_tag","embeddable":true,"href":"https:\/\/sintesis.com.mx\/puebla\/wp-json\/wp\/v2\/tags?post=273742"},{"taxonomy":"yst_prominent_words","embeddable":true,"href":"https:\/\/sintesis.com.mx\/puebla\/wp-json\/wp\/v2\/yst_prominent_words?post=273742"}],"curies":[{"name":"wp","href":"https:\/\/api.w.org\/{rel}","templated":true}]}}