{"id":274491,"date":"2022-01-28T18:52:07","date_gmt":"2022-01-29T00:52:07","guid":{"rendered":"https:\/\/sintesis.com.mx\/puebla\/?p=274491"},"modified":"2022-01-28T18:52:07","modified_gmt":"2022-01-29T00:52:07","slug":"ssc-san-pedro-se-reune-transportistas-la-ruta-puebla-cholula","status":"publish","type":"post","link":"https:\/\/sintesis.com.mx\/puebla\/2022\/01\/28\/ssc-san-pedro-se-reune-transportistas-la-ruta-puebla-cholula\/","title":{"rendered":"SSC de San Pedro se re\u00fane con transportistas de la ruta Puebla-Cholula"},"content":{"rendered":"<p>Como parte del plan de trabajo que instruy\u00f3 la presidenta Paola Angon para disminuir los robos a bordo del transporte p\u00fablico, <strong>el Secretario de Seguridad Ciudadana, Sergio Fern\u00e1ndez, sostuvo una reuni\u00f3n de trabajo con transportistas de la l\u00ednea \u201cPuebla-Cholula\u201d<\/strong>.<\/p>\n<p>Con el objetivo de dar respuesta a sus inquietudes, s<strong>e plantearon diversas acciones a realizar para reforzar la seguridad<\/strong>, tanto de usuarios como de los conductores, durante su recorrido por el municipio.<\/p>\n<p><strong> <img loading=\"lazy\" decoding=\"async\" class=\"aligncenter wp-image-274492 size-full\" src=\"https:\/\/sintesis.com.mx\/puebla\/wp-content\/uploads\/2022\/01\/SSC-de-San-Pedro-se-reune-con-transportistas-de-la-ruta-Puebla-Cholula-1.jpeg\" alt=\"\" width=\"1280\" height=\"852\" \/><\/strong><\/p>\n","protected":false},"excerpt":{"rendered":"<p>Como parte del plan de trabajo que instruy\u00f3 la presidenta Paola Angon para disminuir los robos a bordo del transporte p\u00fablico, el Secretario de Seguridad Ciudadana, Sergio Fern\u00e1ndez, sostuvo una reuni\u00f3n de trabajo con transportistas de la l\u00ednea \u201cPuebla-Cholula\u201d. Con el objetivo de dar respuesta a sus inquietudes, se plantearon diversas acciones a realizar para [&hellip;]<\/p>\n","protected":false},"author":26,"featured_media":0,"comment_status":"open","ping_status":"open","sticky":false,"template":"","format":"standard","meta":{"footnotes":""},"categories":[12,9],"tags":[65,27,8254,71279,77272,437,490,3278],"yst_prominent_words":[29580,29801],"class_list":["post-274491","post","type-post","status-publish","format-standard","hentry","category-cholula","category-municipios","tag-esnoticia","tag-hoyesnoticia","tag-hoyesnoticiaapp","tag-paola-angon","tag-puebla-cholula","tag-san-pedro-cholula","tag-seguridad","tag-transportistas"],"_links":{"self":[{"href":"https:\/\/sintesis.com.mx\/puebla\/wp-json\/wp\/v2\/posts\/274491"}],"collection":[{"href":"https:\/\/sintesis.com.mx\/puebla\/wp-json\/wp\/v2\/posts"}],"about":[{"href":"https:\/\/sintesis.com.mx\/puebla\/wp-json\/wp\/v2\/types\/post"}],"author":[{"embeddable":true,"href":"https:\/\/sintesis.com.mx\/puebla\/wp-json\/wp\/v2\/users\/26"}],"replies":[{"embeddable":true,"href":"https:\/\/sintesis.com.mx\/puebla\/wp-json\/wp\/v2\/comments?post=274491"}],"version-history":[{"count":0,"href":"https:\/\/sintesis.com.mx\/puebla\/wp-json\/wp\/v2\/posts\/274491\/revisions"}],"wp:attachment":[{"href":"https:\/\/sintesis.com.mx\/puebla\/wp-json\/wp\/v2\/media?parent=274491"}],"wp:term":[{"taxonomy":"category","embeddable":true,"href":"https:\/\/sintesis.com.mx\/puebla\/wp-json\/wp\/v2\/categories?post=274491"},{"taxonomy":"post_tag","embeddable":true,"href":"https:\/\/sintesis.com.mx\/puebla\/wp-json\/wp\/v2\/tags?post=274491"},{"taxonomy":"yst_prominent_words","embeddable":true,"href":"https:\/\/sintesis.com.mx\/puebla\/wp-json\/wp\/v2\/yst_prominent_words?post=274491"}],"curies":[{"name":"wp","href":"https:\/\/api.w.org\/{rel}","templated":true}]}}