{"id":274916,"date":"2022-02-01T10:34:27","date_gmt":"2022-02-01T16:34:27","guid":{"rendered":"https:\/\/sintesis.com.mx\/puebla\/?p=274916"},"modified":"2022-02-01T10:34:27","modified_gmt":"2022-02-01T16:34:27","slug":"pide-eduardo-rivera-no-entrar","status":"publish","type":"post","link":"https:\/\/sintesis.com.mx\/puebla\/2022\/02\/01\/pide-eduardo-rivera-no-entrar\/","title":{"rendered":"Pide Eduardo Rivera no entrar en dimes y diretes en el conflicto que vive la Udlap"},"content":{"rendered":"<p>El <strong>presidente <a href=\"https:\/\/sintesis.com.mx\/puebla\/2022\/01\/31\/impiden-instalacion-comerciantes\/\">municipal<\/a> <a href=\"https:\/\/twitter.com\/eduardorivera01?ref_src=twsrc%5Egoogle%7Ctwcamp%5Eserp%7Ctwgr%5Eauthor\">Eduardo Rivera P\u00e9rez<\/a> no entrar\u00e1 en dimes y diretes sobre el conflicto que vive la Universidad de las Am\u00e9ricas Puebla<\/strong>, pero s\u00ed espera que se dirima de manera pronta por el bien de la comunidad.<\/p>\n<p>En entrevista, tras inaugurar la estancia infantil \u201cMundo Feliz\u201d, explic\u00f3 que el conflicto que vive la casa de estudios debe dirimirse en las instancias legales y no a trav\u00e9s de opiniones que no contribuyen al bien de la comunidad.<\/p>\n<p>\u201cNo entrar\u00e9 en dimes y diretes u opiniones que no abonen a la soluci\u00f3n. El asunto de la Universidad de las Am\u00e9ricas se est\u00e1 dirimiendo en las instancias judiciales y es ah\u00ed donde se debe llevar a cabo un soluci\u00f3n y que sea pronta por el bien de la comunidad Universitaria\u00bb.<\/p>\n<p>Consider\u00f3 que el di\u00e1logo y el acuerdo deben ser los mecanismos para llegar una buena soluci\u00f3n que beneficie a los estudiantes y puedan retornar a sus clases presenciales.<\/p>\n<p>Extern\u00f3 que la resoluci\u00f3n permitir\u00e1 nuevamente a detonar el entorno econ\u00f3mico no solo de la UDAP, tambi\u00e9n a San Pedro y San Andr\u00e9s Cholula.<\/p>\n<p>\u201cPor supuesto tambi\u00e9n de Puebla, una buena soluci\u00f3n tambi\u00e9n para los maestros, para los trabajadores y dir\u00eda para Puebla y para M\u00e9xico, la universidad de las Am\u00e9ricas Puebla es una de las instituciones de mayor prestigio, no solamente en Puebla sino tambi\u00e9n en el pa\u00eds y esa es puntualmente mi opini\u00f3n\u201d.<\/p>\n","protected":false},"excerpt":{"rendered":"<p>El presidente municipal Eduardo Rivera P\u00e9rez no entrar\u00e1 en dimes y diretes sobre el conflicto que vive la Universidad de las Am\u00e9ricas Puebla, pero s\u00ed espera que se dirima de manera pronta por el bien de la comunidad. En entrevista, tras inaugurar la estancia infantil \u201cMundo Feliz\u201d, explic\u00f3 que el conflicto que vive la casa [&hellip;]<\/p>\n","protected":false},"author":9,"featured_media":0,"comment_status":"open","ping_status":"open","sticky":false,"template":"","format":"standard","meta":{"footnotes":""},"categories":[72263,3,11],"tags":[425,19670,12894,78911,356,18,15136,23,8253,118],"yst_prominent_words":[34161,49185,30799,32350,57587,45695,42204,29562,29640,32405,29840,34160,49172,36782],"class_list":["post-274916","post","type-post","status-publish","format-standard","hentry","category-capital","category-puebla","category-slide","tag-ayuntamiento","tag-capital","tag-conflicto","tag-dimes-y-diretes","tag-eduardo-rivera-perez","tag-puebla","tag-resolucion","tag-slide","tag-slideapp","tag-udlap"],"_links":{"self":[{"href":"https:\/\/sintesis.com.mx\/puebla\/wp-json\/wp\/v2\/posts\/274916"}],"collection":[{"href":"https:\/\/sintesis.com.mx\/puebla\/wp-json\/wp\/v2\/posts"}],"about":[{"href":"https:\/\/sintesis.com.mx\/puebla\/wp-json\/wp\/v2\/types\/post"}],"author":[{"embeddable":true,"href":"https:\/\/sintesis.com.mx\/puebla\/wp-json\/wp\/v2\/users\/9"}],"replies":[{"embeddable":true,"href":"https:\/\/sintesis.com.mx\/puebla\/wp-json\/wp\/v2\/comments?post=274916"}],"version-history":[{"count":0,"href":"https:\/\/sintesis.com.mx\/puebla\/wp-json\/wp\/v2\/posts\/274916\/revisions"}],"wp:attachment":[{"href":"https:\/\/sintesis.com.mx\/puebla\/wp-json\/wp\/v2\/media?parent=274916"}],"wp:term":[{"taxonomy":"category","embeddable":true,"href":"https:\/\/sintesis.com.mx\/puebla\/wp-json\/wp\/v2\/categories?post=274916"},{"taxonomy":"post_tag","embeddable":true,"href":"https:\/\/sintesis.com.mx\/puebla\/wp-json\/wp\/v2\/tags?post=274916"},{"taxonomy":"yst_prominent_words","embeddable":true,"href":"https:\/\/sintesis.com.mx\/puebla\/wp-json\/wp\/v2\/yst_prominent_words?post=274916"}],"curies":[{"name":"wp","href":"https:\/\/api.w.org\/{rel}","templated":true}]}}