{"id":276313,"date":"2022-02-13T13:36:42","date_gmt":"2022-02-13T19:36:42","guid":{"rendered":"https:\/\/sintesis.com.mx\/puebla\/?p=276313"},"modified":"2022-02-13T13:36:42","modified_gmt":"2022-02-13T19:36:42","slug":"en-calma-transitan-proceso-de-entrega-recepcion-en-cuautlancingo","status":"publish","type":"post","link":"https:\/\/sintesis.com.mx\/puebla\/2022\/02\/13\/en-calma-transitan-proceso-de-entrega-recepcion-en-cuautlancingo\/","title":{"rendered":"En calma transitan proceso de entrega \u2013 recepci\u00f3n en Cuautlancingo"},"content":{"rendered":"<p>El <strong>presidente municipal de Cuautlancingo, Filomeno Sarmiento Torres <\/strong>dio a conocer que en calma, orden y transparencia es como avanzan los procesos de entrega \u2013 recepci\u00f3n de las juntas auxiliares de esta demarcaci\u00f3n. Lo anterior al participar en la toma de protesta de <strong>Ad\u00e1n Reyes Hern\u00e1ndez, edil auxiliar de Sanctorum.<\/strong><\/p>\n<p>Este domingo se llev\u00f3 a cabo la toma de protesta de las nuevas autoridades auxiliares, y en cada uno de ellos estuvo presente Torres Sarmiento para avalar la toma de protesta de las autoridades donde dej\u00f3 en claro que habr\u00e1 di\u00e1logo para generar resultados.<\/p>\n<blockquote class=\"twitter-tweet\" data-width=\"550\" data-dnt=\"true\">\n<p lang=\"es\" dir=\"ltr\">\ud83d\udde3\ufe0f l En calma se ha desarrollado el proceso de entrega &#8211; recepci\u00f3n en <a href=\"https:\/\/twitter.com\/hashtag\/Cuautlancingo?src=hash&amp;ref_src=twsrc%5Etfw\">#Cuautlancingo<\/a> informa <a href=\"https:\/\/twitter.com\/Filo_Sarmiento?ref_src=twsrc%5Etfw\">@Filo_Sarmiento<\/a> quien detalla trabajar\u00e1n de la mano con nuevas autoridades auxiliares <a href=\"https:\/\/twitter.com\/CuautlancinGob?ref_src=twsrc%5Etfw\">@CuautlancinGob<\/a><\/p>\n<p>\ud83d\udcf9 <a href=\"https:\/\/twitter.com\/reporpue11?ref_src=twsrc%5Etfw\">@reporpue11<\/a> <a href=\"https:\/\/t.co\/IB4oobDuGS\">pic.twitter.com\/IB4oobDuGS<\/a><\/p>\n<p>&mdash; S\u00edntesis Puebla (@sintesisweb) <a href=\"https:\/\/twitter.com\/sintesisweb\/status\/1492939109081485313?ref_src=twsrc%5Etfw\">February 13, 2022<\/a><\/p><\/blockquote>\n<p><script async src=\"https:\/\/platform.twitter.com\/widgets.js\" charset=\"utf-8\"><\/script><\/p>\n<p>Sarmiento Torres, detall\u00f3 que estar\u00e1n trabajando de manera coordinada con las nuevas autoridades ya que los ciudadanos lo que quieren son resultados, trabajo y la \u00fanica manera de hacerlo es mediante la comunicaci\u00f3n, coordinaci\u00f3n y disposici\u00f3n entre las diferentes autoridades de gobierno.<\/p>\n<p style=\"text-align: center;\"><strong>\u201cEl llamado es que podamos trabajar de manera coordinada\u201d, expres\u00f3 Sarmiento Torres, quien manifest\u00f3 \u201clas tres juntas auxiliares ya tienen su autoridad, tenemos que trabajar de la mano, tenemos que trabajar de manera coordinada y sacar los compromisos que ambos hemos generado\u201d.<\/strong><\/p>\n<p>Agreg\u00f3 adem\u00e1s que el proceso de entrega \u2013 recepci\u00f3n va muy avanzando y muestra de ello, es que al menos dos de las juntas auxiliares ya lo concluyeron y s\u00f3lo queda una pendiente mientras que se revisa el proceso en la inspector\u00eda de la Reserva Quetzalc\u00f3atl, <strong>\u201ctodo ha sido sin novedad\u201d.<\/strong><\/p>\n","protected":false},"excerpt":{"rendered":"<p>El presidente municipal de Cuautlancingo, Filomeno Sarmiento Torres dio a conocer que en calma, orden y transparencia es como avanzan los procesos de entrega \u2013 recepci\u00f3n de las juntas auxiliares de esta demarcaci\u00f3n. Lo anterior al participar en la toma de protesta de Ad\u00e1n Reyes Hern\u00e1ndez, edil auxiliar de Sanctorum. Este domingo se llev\u00f3 a [&hellip;]<\/p>\n","protected":false},"author":6,"featured_media":0,"comment_status":"open","ping_status":"open","sticky":false,"template":"","format":"standard","meta":{"footnotes":""},"categories":[1277,9],"tags":[79118,121,9564,27,8254,18,23,8253,20668,6836],"yst_prominent_words":[29658,30861,31682,30860,30790,29857,33818,68507,32222,34535,35172,30095,31802],"class_list":["post-276313","post","type-post","status-publish","format-standard","hentry","category-cuautlancingo","category-municipios","tag-adan-reyes-hernandez","tag-cuautlancingo","tag-filomeno-sarmiento-torres","tag-hoyesnoticia","tag-hoyesnoticiaapp","tag-puebla","tag-slide","tag-slideapp","tag-slider","tag-toma-de-protesta"],"_links":{"self":[{"href":"https:\/\/sintesis.com.mx\/puebla\/wp-json\/wp\/v2\/posts\/276313"}],"collection":[{"href":"https:\/\/sintesis.com.mx\/puebla\/wp-json\/wp\/v2\/posts"}],"about":[{"href":"https:\/\/sintesis.com.mx\/puebla\/wp-json\/wp\/v2\/types\/post"}],"author":[{"embeddable":true,"href":"https:\/\/sintesis.com.mx\/puebla\/wp-json\/wp\/v2\/users\/6"}],"replies":[{"embeddable":true,"href":"https:\/\/sintesis.com.mx\/puebla\/wp-json\/wp\/v2\/comments?post=276313"}],"version-history":[{"count":0,"href":"https:\/\/sintesis.com.mx\/puebla\/wp-json\/wp\/v2\/posts\/276313\/revisions"}],"wp:attachment":[{"href":"https:\/\/sintesis.com.mx\/puebla\/wp-json\/wp\/v2\/media?parent=276313"}],"wp:term":[{"taxonomy":"category","embeddable":true,"href":"https:\/\/sintesis.com.mx\/puebla\/wp-json\/wp\/v2\/categories?post=276313"},{"taxonomy":"post_tag","embeddable":true,"href":"https:\/\/sintesis.com.mx\/puebla\/wp-json\/wp\/v2\/tags?post=276313"},{"taxonomy":"yst_prominent_words","embeddable":true,"href":"https:\/\/sintesis.com.mx\/puebla\/wp-json\/wp\/v2\/yst_prominent_words?post=276313"}],"curies":[{"name":"wp","href":"https:\/\/api.w.org\/{rel}","templated":true}]}}