{"id":278965,"date":"2022-03-07T11:06:11","date_gmt":"2022-03-07T17:06:11","guid":{"rendered":"https:\/\/sintesis.com.mx\/puebla\/?p=278965"},"modified":"2022-12-15T10:05:28","modified_gmt":"2022-12-15T16:05:28","slug":"uriel-estrada-un-conductor-al-extremo","status":"publish","type":"post","link":"https:\/\/sintesis.com.mx\/puebla\/2022\/03\/07\/uriel-estrada-un-conductor-al-extremo\/","title":{"rendered":"Uriel Estrada, un conductor \u00abAl Extremo\u00bb con la informaci\u00f3n"},"content":{"rendered":"<p>Carism\u00e1tico, profesional y dedicado a su trabajo; as\u00ed es\u00a0<a href=\"https:\/\/twitter.com\/UrielEstradaTV\"><strong>Uriel Estrada<\/strong><\/a>, conductor de\u00a0<strong>\u00abAl Extremo\u00bb<\/strong>, con qui\u00e9n platicamos de sus planes y de c\u00f3mo llego a dedicarse al mundo de la televisi\u00f3n, proveniente de Acapulco Guerrero, lleg\u00f3 con ilusiones a la CDMX para conducir uno de los programas favoritos de M\u00e9xico.<\/p>\n<p><strong>\u00abEmpec\u00e9 practicando en Tv Azteca Guerrero, desde los 18 a\u00f1os mientras estudiaba la carrera de Comunicaci\u00f3n. Practicaba en la cabina, despu\u00e9s tuve la oportunidad de estar como reportero de deportes, despu\u00e9s como reportero de informaci\u00f3n general, jefe de informaci\u00f3n, director de noticieros; posteriormente me enviaron a A+, en donde ya llevo cinco a\u00f1os\u00bb<\/strong>, nos comenta Uriel.<\/p>\n<p>Actualmente lleva dos a\u00f1os como conductor de\u00a0<strong>\u00abAl Extremo\u00bb,\u00a0<\/strong>el cual tom\u00f3 un giro muy importante en su carrera ya que, pudo llegar a una audiencia distinta.<\/p>\n<p><strong>\u00abPara m\u00ed, estar en \u00b4Al Extremo\u00b4 significa un aprendizaje, ya que tiene esa bondad de permitirte contar historias, desde presencias del m\u00e1s all\u00e1, entes, pero tambi\u00e9n es informativo y somos inmersos en la informaci\u00f3n, como lo que est\u00e1 sucediendo en Ucrania. En lo personal, me permite crecer como periodista\u00bb<\/strong>, se\u00f1ala.<\/p>\n<p>Lo que m\u00e1s disfruta el joven conductor de este programa es, contar eventualidades, adentrarse a la historia de cada secci\u00f3n que le toca como\u00a0<strong>\u00abJusto ahora\u00bb<\/strong>, o como la de\u00a0<strong>\u00abEl \u00b4mirrey\u00b4 del barrio\u00bb<\/strong>, en la que retratan la historia de la gente que lleva todo el ADN de los mexicanos, desde vestimenta, forma de hablar, trabajador y dem\u00e1s caracter\u00edsticas esenciales.<\/p>\n<p><strong>\u00abSoy muy se\u00f1or a mis 36 a\u00f1os (r\u00ede), entre mis pasatiempos favoritos est\u00e1 quedarme en casa, tambi\u00e9n tengo esta parte de ni\u00f1o, me encanta jugar\u00a0<em>PlayStation,\u00a0<\/em>me gusta hacer el Super, cocinar; pero tambi\u00e9n salir con mis amigos ir a una cena, tambi\u00e9n se vale echarse un trago, tambi\u00e9n se vale mientras se haga con responsabilidad y no afectes a los dem\u00e1s\u00bb<\/strong>, agrega.<\/p>\n<p>\u00abLa pandemia no me afect\u00f3 tanto en el sentido del trabajo, ya que como medio de comunicaci\u00f3n tuvimos la responsabilidad de informar, adem\u00e1s fue cuando reci\u00e9n me integr\u00e9 al programa, por lo que no me hizo caer en psicosis\u00bb.<\/p>\n<p>Adem\u00e1s de\u00a0<strong>\u00abAl Extremo\u00bb,\u00a0<\/strong>Uriel est\u00e1 trabajando en un noticiero en el canal de 7.2 de Azteca, del cual lleva cinco a\u00f1os; comenta que est\u00e1 disfrutando mucho esta etapa de conducir estos programas adem\u00e1s de cubrir otros espacios.<\/p>\n<p><strong>\u00abLos invitamos a no perderse el programa de lunes a viernes de 6:00 a 7:30 pm a trav\u00e9s de la se\u00f1al de Azteca Uno, junto a Vanessa Claudio y una gran producci\u00f3n que hace posible todo lo que se ve en TV, adem\u00e1s de que tenemos todo tipo de secciones para ni\u00f1os, adolescentes, madres solteras, para pap\u00e1s, abuelitos\u2026 Por lo que tenemos un contenido que ha mantenido el programa por m\u00e1s de 13 a\u00f1os\u00bb<\/strong>, finaliza Uriel Estrada.<\/p>\n","protected":false},"excerpt":{"rendered":"<p>Carism\u00e1tico, profesional y dedicado a su trabajo; as\u00ed es\u00a0Uriel Estrada, conductor de\u00a0\u00abAl Extremo\u00bb, con qui\u00e9n platicamos de sus planes y de c\u00f3mo llego a dedicarse al mundo de la televisi\u00f3n, proveniente de Acapulco Guerrero, lleg\u00f3 con ilusiones a la CDMX para conducir uno de los programas favoritos de M\u00e9xico. \u00abEmpec\u00e9 practicando en Tv Azteca Guerrero, [&hellip;]<\/p>\n","protected":false},"author":26,"featured_media":0,"comment_status":"open","ping_status":"open","sticky":false,"template":"","format":"standard","meta":{"footnotes":""},"categories":[6,8,11],"tags":[79444,41,27,8254,23,20668,40526,79443],"yst_prominent_words":[37225,30021,30334,32072,31445,36876,29770,31407,29831,29577,32088,29801,31016],"class_list":["post-278965","post","type-post","status-publish","format-standard","hentry","category-entretenimiento","category-hoyesnoticia","category-slide","tag-al-extremo","tag-es-noticia","tag-hoyesnoticia","tag-hoyesnoticiaapp","tag-slide","tag-slider","tag-sliderapp","tag-uriel-estrada"],"_links":{"self":[{"href":"https:\/\/sintesis.com.mx\/puebla\/wp-json\/wp\/v2\/posts\/278965"}],"collection":[{"href":"https:\/\/sintesis.com.mx\/puebla\/wp-json\/wp\/v2\/posts"}],"about":[{"href":"https:\/\/sintesis.com.mx\/puebla\/wp-json\/wp\/v2\/types\/post"}],"author":[{"embeddable":true,"href":"https:\/\/sintesis.com.mx\/puebla\/wp-json\/wp\/v2\/users\/26"}],"replies":[{"embeddable":true,"href":"https:\/\/sintesis.com.mx\/puebla\/wp-json\/wp\/v2\/comments?post=278965"}],"version-history":[{"count":0,"href":"https:\/\/sintesis.com.mx\/puebla\/wp-json\/wp\/v2\/posts\/278965\/revisions"}],"wp:attachment":[{"href":"https:\/\/sintesis.com.mx\/puebla\/wp-json\/wp\/v2\/media?parent=278965"}],"wp:term":[{"taxonomy":"category","embeddable":true,"href":"https:\/\/sintesis.com.mx\/puebla\/wp-json\/wp\/v2\/categories?post=278965"},{"taxonomy":"post_tag","embeddable":true,"href":"https:\/\/sintesis.com.mx\/puebla\/wp-json\/wp\/v2\/tags?post=278965"},{"taxonomy":"yst_prominent_words","embeddable":true,"href":"https:\/\/sintesis.com.mx\/puebla\/wp-json\/wp\/v2\/yst_prominent_words?post=278965"}],"curies":[{"name":"wp","href":"https:\/\/api.w.org\/{rel}","templated":true}]}}