{"id":281188,"date":"2022-03-23T14:10:44","date_gmt":"2022-03-23T20:10:44","guid":{"rendered":"https:\/\/sintesis.com.mx\/puebla\/?p=281188"},"modified":"2022-03-23T14:10:44","modified_gmt":"2022-03-23T20:10:44","slug":"avanza-rehabilitacion-del-centro-de-monitoreo","status":"publish","type":"post","link":"https:\/\/sintesis.com.mx\/puebla\/2022\/03\/23\/avanza-rehabilitacion-del-centro-de-monitoreo\/","title":{"rendered":"Avanza rehabilitaci\u00f3n del centro de monitoreo y videovigilancia"},"content":{"rendered":"<p>La presidenta municipal de <strong>San Pedro Cholula, Paola Angon Silva<\/strong> detall\u00f3 que la rehabilitaci\u00f3n del <strong>centro de monitoreo y videovigilancia<\/strong> avanza a pasos agigantados, con ello estar\u00e1n dando cumplimiento a las acciones en materia de seguridad.<\/p>\n<p>Expres\u00f3 que la rehabilitaci\u00f3n de este centro permitir\u00e1 fortalecer las acciones de seguridad en el municipio ya que adem\u00e1s de colocar nuevas c\u00e1maras, se estar\u00e1n rehabilitando las que dej\u00f3 la administraci\u00f3n pasada, con la finalidad de mejorar la vigilancia y brindar mayor tranquilidad a los habitantes.<\/p>\n<blockquote class=\"twitter-tweet\" data-width=\"550\" data-dnt=\"true\">\n<p lang=\"es\" dir=\"ltr\"><a href=\"https:\/\/twitter.com\/hashtag\/Municipios?src=hash&amp;ref_src=twsrc%5Etfw\">#Municipios<\/a> \ud83d\udcf9 l La presidenta de <a href=\"https:\/\/twitter.com\/GobiernoCholula?ref_src=twsrc%5Etfw\">@GobiernoCholula<\/a>, <a href=\"https:\/\/twitter.com\/Paola_Angon?ref_src=twsrc%5Etfw\">@Paola_Angon<\/a> destaca que, se ha tenido un importante avance en la rehabilitaci\u00f3n del C-2, inicia colocaci\u00f3n de c\u00e1maras para mejorar la seguridad en este Pueblo M\u00e1gico.<a href=\"https:\/\/twitter.com\/reporpue11?ref_src=twsrc%5Etfw\">@reporpue11<\/a> <a href=\"https:\/\/t.co\/gTTScVbbrV\">pic.twitter.com\/gTTScVbbrV<\/a><\/p>\n<p>&mdash; S\u00edntesis Puebla (@sintesisweb) <a href=\"https:\/\/twitter.com\/sintesisweb\/status\/1506674999947677704?ref_src=twsrc%5Etfw\">March 23, 2022<\/a><\/p><\/blockquote>\n<p><script async src=\"https:\/\/platform.twitter.com\/widgets.js\" charset=\"utf-8\"><\/script><\/p>\n<p>Dej\u00f3 en claro que esta urgiendo a la empresa que realiza estos trabajos para que se entreguen a la brevedad posible, ya que por el momento se ha comenzado a realizar la perforaci\u00f3n para la colocaci\u00f3n de los postes que sostendr\u00e1n estas c\u00e1maras.<\/p>\n<p style=\"text-align: center;\"><strong>\u00abSe ha iniciado esta perforaci\u00f3n en los puntos que se consideran estrat\u00e9gicos, se esta trabajando en eso, se est\u00e1 perforando, pero es necesario contar con este servicio, espero que un m\u00e1ximo de 20 d\u00edas podamos estar entreg\u00e1ndolo\u201d.<\/strong><\/p>\n<p>Agreg\u00f3 que se plantea tener el mayor n\u00famero de c\u00e1maras posibles y con ello brindar mayor seguridad, reconociendo que existe una baja en \u00edndices delictivos como el robo de autopartes, robo a casa habitaci\u00f3n, as\u00ed como el robo a Oxxo,<strong> \u201cse esta trabajando con la unidad de an\u00e1lisis y se est\u00e1 dando resultados\u201d.<\/strong><\/p>\n","protected":false},"excerpt":{"rendered":"<p>La presidenta municipal de San Pedro Cholula, Paola Angon Silva detall\u00f3 que la rehabilitaci\u00f3n del centro de monitoreo y videovigilancia avanza a pasos agigantados, con ello estar\u00e1n dando cumplimiento a las acciones en materia de seguridad. Expres\u00f3 que la rehabilitaci\u00f3n de este centro permitir\u00e1 fortalecer las acciones de seguridad en el municipio ya que adem\u00e1s [&hellip;]<\/p>\n","protected":false},"author":6,"featured_media":0,"comment_status":"open","ping_status":"open","sticky":false,"template":"","format":"standard","meta":{"footnotes":""},"categories":[12,8,1285,9,11],"tags":[56411,79675,41,27,8254,71619,18,437,23,20668,40526],"yst_prominent_words":[29925,38302,48426,29731,29724,33151,33923,30693,38356,31558,30518,29580,31904],"class_list":["post-281188","post","type-post","status-publish","format-standard","hentry","category-cholula","category-hoyesnoticia","category-justicia","category-municipios","category-slide","tag-c2","tag-centro-de-monitoreo-y","tag-es-noticia","tag-hoyesnoticia","tag-hoyesnoticiaapp","tag-paola-angon-silva","tag-puebla","tag-san-pedro-cholula","tag-slide","tag-slider","tag-sliderapp"],"_links":{"self":[{"href":"https:\/\/sintesis.com.mx\/puebla\/wp-json\/wp\/v2\/posts\/281188"}],"collection":[{"href":"https:\/\/sintesis.com.mx\/puebla\/wp-json\/wp\/v2\/posts"}],"about":[{"href":"https:\/\/sintesis.com.mx\/puebla\/wp-json\/wp\/v2\/types\/post"}],"author":[{"embeddable":true,"href":"https:\/\/sintesis.com.mx\/puebla\/wp-json\/wp\/v2\/users\/6"}],"replies":[{"embeddable":true,"href":"https:\/\/sintesis.com.mx\/puebla\/wp-json\/wp\/v2\/comments?post=281188"}],"version-history":[{"count":0,"href":"https:\/\/sintesis.com.mx\/puebla\/wp-json\/wp\/v2\/posts\/281188\/revisions"}],"wp:attachment":[{"href":"https:\/\/sintesis.com.mx\/puebla\/wp-json\/wp\/v2\/media?parent=281188"}],"wp:term":[{"taxonomy":"category","embeddable":true,"href":"https:\/\/sintesis.com.mx\/puebla\/wp-json\/wp\/v2\/categories?post=281188"},{"taxonomy":"post_tag","embeddable":true,"href":"https:\/\/sintesis.com.mx\/puebla\/wp-json\/wp\/v2\/tags?post=281188"},{"taxonomy":"yst_prominent_words","embeddable":true,"href":"https:\/\/sintesis.com.mx\/puebla\/wp-json\/wp\/v2\/yst_prominent_words?post=281188"}],"curies":[{"name":"wp","href":"https:\/\/api.w.org\/{rel}","templated":true}]}}