{"id":286197,"date":"2022-04-22T19:56:03","date_gmt":"2022-04-23T00:56:03","guid":{"rendered":"https:\/\/sintesis.com.mx\/puebla\/?p=286197"},"modified":"2022-04-22T19:56:03","modified_gmt":"2022-04-23T00:56:03","slug":"sosapac-dara-atencion-a-vecinos-de-san-agustin-ii","status":"publish","type":"post","link":"https:\/\/sintesis.com.mx\/puebla\/2022\/04\/22\/sosapac-dara-atencion-a-vecinos-de-san-agustin-ii\/","title":{"rendered":"Sosapac dar\u00e1 atenci\u00f3n a vecinos de San Agust\u00edn II"},"content":{"rendered":"<p>Tras recibir a un grupo de vecinos del <strong>fraccionamiento Lomas de San Agust\u00edn II<\/strong> que exigen mejorar el suministro de agua potable,<strong> el director del Sistema Operador de Agua Potable y Alcantarillado del municipio de Cuautlancingo, Valentin Ojeda Sarmiento<\/strong> dej\u00f3 en claro que dar\u00e1 seguimiento a esta problem\u00e1tica hasta que este solucionado.<\/p>\n<p>Este viernes por la ma\u00f1ana un grupo de vecinos acudieron a las instalaciones del <strong>Sosapac<\/strong> con pancartas en las que ped\u00edan soluci\u00f3n a la deficiencia del vital l\u00edquido, fueron atendidos por el director del organismo, con quien llegaron a un acuerdo para resolver lo m\u00e1s pronto posible la falta del vital l\u00edquido.<\/p>\n<blockquote class=\"twitter-tweet\" data-width=\"550\" data-dnt=\"true\">\n<p lang=\"es\" dir=\"ltr\">\ud83d\udcf9 l Se compromete titular del @Sosapac_a dar soluci\u00f3n a vecinos del Fraccionamiento San Agust\u00edn, en <a href=\"https:\/\/twitter.com\/hashtag\/Cuautlancingo?src=hash&amp;ref_src=twsrc%5Etfw\">#Cuautlancingo<\/a> <a href=\"https:\/\/twitter.com\/CuautlancinGob?ref_src=twsrc%5Etfw\">@CuautlancinGob<\/a> <a href=\"https:\/\/twitter.com\/asoc_a?ref_src=twsrc%5Etfw\">@asoc_a<\/a>.<a href=\"https:\/\/twitter.com\/reporpue11?ref_src=twsrc%5Etfw\">@reporpue11<\/a> <a href=\"https:\/\/t.co\/KtXcaXRCUH\">pic.twitter.com\/KtXcaXRCUH<\/a><\/p>\n<p>&mdash; S\u00edntesis Puebla (@sintesisweb) <a href=\"https:\/\/twitter.com\/sintesisweb\/status\/1517592616417779712?ref_src=twsrc%5Etfw\">April 22, 2022<\/a><\/p><\/blockquote>\n<p><script async src=\"https:\/\/platform.twitter.com\/widgets.js\" charset=\"utf-8\"><\/script><\/p>\n<p>El funcionario durante entrevista se comprometi\u00f3 a estar pendiente del tema hasta que no quede solucionado.<\/p>\n<p style=\"text-align: center;\"><strong>\u201cFue un proceso que se dej\u00f3 por mucho tiempo y no se resolv\u00eda, hoy firmamos un compromiso y se dar\u00e1 soluci\u00f3n, no daremos largas queremos darles una soluci\u00f3n inmediata porque ellos no pueden padecer de la falta de agua\u201d.<\/strong><\/p>\n","protected":false},"excerpt":{"rendered":"<p>Tras recibir a un grupo de vecinos del fraccionamiento Lomas de San Agust\u00edn II que exigen mejorar el suministro de agua potable, el director del Sistema Operador de Agua Potable y Alcantarillado del municipio de Cuautlancingo, Valentin Ojeda Sarmiento dej\u00f3 en claro que dar\u00e1 seguimiento a esta problem\u00e1tica hasta que este solucionado. Este viernes por [&hellip;]<\/p>\n","protected":false},"author":6,"featured_media":0,"comment_status":"open","ping_status":"open","sticky":false,"template":"","format":"standard","meta":{"footnotes":""},"categories":[1277,8,9],"tags":[121,65,27,8254,80265,18,327,79503],"yst_prominent_words":[31030,33185,53632,33923,29652,30014,30450,62708,32128,33187,32405,30703,32127,32123],"class_list":["post-286197","post","type-post","status-publish","format-standard","hentry","category-cuautlancingo","category-hoyesnoticia","category-municipios","tag-cuautlancingo","tag-esnoticia","tag-hoyesnoticia","tag-hoyesnoticiaapp","tag-lomas-san-agustin-ii","tag-puebla","tag-sosapac","tag-valentin-ojeda-sarmiento"],"_links":{"self":[{"href":"https:\/\/sintesis.com.mx\/puebla\/wp-json\/wp\/v2\/posts\/286197"}],"collection":[{"href":"https:\/\/sintesis.com.mx\/puebla\/wp-json\/wp\/v2\/posts"}],"about":[{"href":"https:\/\/sintesis.com.mx\/puebla\/wp-json\/wp\/v2\/types\/post"}],"author":[{"embeddable":true,"href":"https:\/\/sintesis.com.mx\/puebla\/wp-json\/wp\/v2\/users\/6"}],"replies":[{"embeddable":true,"href":"https:\/\/sintesis.com.mx\/puebla\/wp-json\/wp\/v2\/comments?post=286197"}],"version-history":[{"count":0,"href":"https:\/\/sintesis.com.mx\/puebla\/wp-json\/wp\/v2\/posts\/286197\/revisions"}],"wp:attachment":[{"href":"https:\/\/sintesis.com.mx\/puebla\/wp-json\/wp\/v2\/media?parent=286197"}],"wp:term":[{"taxonomy":"category","embeddable":true,"href":"https:\/\/sintesis.com.mx\/puebla\/wp-json\/wp\/v2\/categories?post=286197"},{"taxonomy":"post_tag","embeddable":true,"href":"https:\/\/sintesis.com.mx\/puebla\/wp-json\/wp\/v2\/tags?post=286197"},{"taxonomy":"yst_prominent_words","embeddable":true,"href":"https:\/\/sintesis.com.mx\/puebla\/wp-json\/wp\/v2\/yst_prominent_words?post=286197"}],"curies":[{"name":"wp","href":"https:\/\/api.w.org\/{rel}","templated":true}]}}