{"id":288810,"date":"2022-05-07T14:03:33","date_gmt":"2022-05-07T19:03:33","guid":{"rendered":"https:\/\/sintesis.com.mx\/puebla\/?p=288810"},"modified":"2022-05-07T19:25:35","modified_gmt":"2022-05-08T00:25:35","slug":"10-de-mayo-aumentar-ventas","status":"publish","type":"post","link":"https:\/\/sintesis.com.mx\/puebla\/2022\/05\/07\/10-de-mayo-aumentar-ventas\/","title":{"rendered":"El 10 de Mayo permitir\u00e1 a comerciantes aumentar 15 por ciento sus ventas"},"content":{"rendered":"<p style=\"font-weight: 400;\">Comienza a repuntar el porcentaje de ventas para diversos comercios del <strong>Centro Hist\u00f3rico<\/strong> de <strong>Puebla<\/strong> y sus alrededores.<\/p>\n<p style=\"font-weight: 400;\">Esto debido a que las y los poblanos comienzan a comprar sus regalos para celebrar el <strong>10 de Mayo<\/strong>.<\/p>\n<p style=\"font-weight: 400;\">En entrevista, el presidente del <strong>Consejo de Comerciantes del Centro Hist\u00f3rico de Puebla<\/strong>, <strong>Jos\u00e9 Juan Ayala<\/strong>, indic\u00f3 que prev\u00e9n un incremento del 15 por ciento en las ventas.<\/p>\n<p style=\"font-weight: 400;\">El representante destac\u00f3 que los obsequios m\u00e1s buscados por los poblanos son <strong>bisuter\u00eda, joyer\u00eda, zapatos, ropa y aparatos electrodom\u00e9sticos<\/strong>.<\/p>\n<p style=\"font-weight: 400;\">\u201c<em>El 10 de Mayo se estima que aumente el porcentaje<\/em>\u201d, precis\u00f3.<\/p>\n<p style=\"font-weight: 400;\">En tanto, el presidente del <strong>Consejo Nacional de Comerciantes<\/strong> (Canaco), <strong>Marco Antonio Pr\u00f3speri<\/strong>, dijo esperar un aumento de entre 10 y 15 por ciento por la celebraci\u00f3n del <strong>D\u00eda de las Madres<\/strong>.<\/p>\n","protected":false},"excerpt":{"rendered":"<p>Ante la cercan\u00eda del D\u00eda de las Madres, comienza a repuntar ventas para diversos comercios del Centro hist\u00f3rico de\u00a0Puebla\u00a0y sus alrededores<\/p>\n","protected":false},"author":26,"featured_media":0,"comment_status":"open","ping_status":"open","sticky":false,"template":"","format":"standard","meta":{"footnotes":""},"categories":[3],"tags":[574,12263,18,23,8253],"yst_prominent_words":[30521,40560,30319,29724,30257,40643,30276,31441,30302,30264,40646,31668,31433,30887,35487,29562,31440],"class_list":["post-288810","post","type-post","status-publish","format-standard","hentry","category-puebla","tag-centro-historico","tag-dia-de-las-madres","tag-puebla","tag-slide","tag-slideapp"],"_links":{"self":[{"href":"https:\/\/sintesis.com.mx\/puebla\/wp-json\/wp\/v2\/posts\/288810"}],"collection":[{"href":"https:\/\/sintesis.com.mx\/puebla\/wp-json\/wp\/v2\/posts"}],"about":[{"href":"https:\/\/sintesis.com.mx\/puebla\/wp-json\/wp\/v2\/types\/post"}],"author":[{"embeddable":true,"href":"https:\/\/sintesis.com.mx\/puebla\/wp-json\/wp\/v2\/users\/26"}],"replies":[{"embeddable":true,"href":"https:\/\/sintesis.com.mx\/puebla\/wp-json\/wp\/v2\/comments?post=288810"}],"version-history":[{"count":0,"href":"https:\/\/sintesis.com.mx\/puebla\/wp-json\/wp\/v2\/posts\/288810\/revisions"}],"wp:attachment":[{"href":"https:\/\/sintesis.com.mx\/puebla\/wp-json\/wp\/v2\/media?parent=288810"}],"wp:term":[{"taxonomy":"category","embeddable":true,"href":"https:\/\/sintesis.com.mx\/puebla\/wp-json\/wp\/v2\/categories?post=288810"},{"taxonomy":"post_tag","embeddable":true,"href":"https:\/\/sintesis.com.mx\/puebla\/wp-json\/wp\/v2\/tags?post=288810"},{"taxonomy":"yst_prominent_words","embeddable":true,"href":"https:\/\/sintesis.com.mx\/puebla\/wp-json\/wp\/v2\/yst_prominent_words?post=288810"}],"curies":[{"name":"wp","href":"https:\/\/api.w.org\/{rel}","templated":true}]}}