{"id":289501,"date":"2022-05-11T11:10:23","date_gmt":"2022-05-11T16:10:23","guid":{"rendered":"https:\/\/sintesis.com.mx\/puebla\/?p=289501"},"modified":"2022-05-11T11:10:23","modified_gmt":"2022-05-11T16:10:23","slug":"a-finales-de-mayo-se-preve-lleguen-a-puebla","status":"publish","type":"post","link":"https:\/\/sintesis.com.mx\/puebla\/2022\/05\/11\/a-finales-de-mayo-se-preve-lleguen-a-puebla\/","title":{"rendered":"A finales de Mayo se prev\u00e9 lleguen a Puebla vacunas contra Covid-19"},"content":{"rendered":"<p><strong>A finales del mes de Mayo estar\u00e1 llegando a la entidad poblana, vacunas contra Covid-19 para aplicarlas a ni\u00f1as y ni\u00f1os de 5 a 11 a\u00f1os de edad, as\u00ed lo inform\u00f3 el secretario de Salud del gobierno estatal,<\/strong> <a href=\"https:\/\/twitter.com\/JAntonioMtzGa\"><strong>Jos\u00e9 Antonio Mart\u00ednez Garc\u00eda.<\/strong><\/a><\/p>\n<p>Aunado a lo anterior, dijo que este mi\u00e9rcoles arranco la aplicaci\u00f3n de la primera dosis a ni\u00f1os de 12 a 14 a\u00f1os de edad.<\/p>\n<p>En conferencia de prensa, coment\u00f3 que invitaron sin incidentes la jornada y estiman concluirla de la misma manera.<\/p>\n<p><strong>\u00abEn las \u00faltimas 24 horas se registraron en Puebla 13 nuevos contagios por coronavirus y por m\u00e1s de 15 d\u00edas no se han tenido decesos a consecuencia de la enfermedad\u00bb<\/strong>, destac\u00f3.<\/p>\n<p>El funciona coment\u00f3 que hay en estos momentos 31 hospitalizados en todo el sistema hospitalario y en dos a\u00f1os se han registrado 17 mil 139 decesos.<\/p>\n<p><strong>Han aplicado 253 mil 351 muestras y de est\u00e1s han dado positivo a Covid-19, 156 mil 909.<\/strong><\/p>\n","protected":false},"excerpt":{"rendered":"<p>A finales del mes de Mayo estar\u00e1 llegando a la entidad poblana, vacunas contra Covid-19 para aplicarlas a ni\u00f1as y ni\u00f1os de 5 a 11 a\u00f1os de edad, as\u00ed lo inform\u00f3 el secretario de Salud del gobierno estatal, Jos\u00e9 Antonio Mart\u00ednez Garc\u00eda. Aunado a lo anterior, dijo que este mi\u00e9rcoles arranco la aplicaci\u00f3n de la [&hellip;]<\/p>\n","protected":false},"author":26,"featured_media":0,"comment_status":"open","ping_status":"open","sticky":false,"template":"","format":"standard","meta":{"footnotes":""},"categories":[72263,8,3,46849,11],"tags":[34956,41,3298,27,8254,18,1853,23,20668,40526],"yst_prominent_words":[31575,35403,37471,30609,30598],"class_list":["post-289501","post","type-post","status-publish","format-standard","hentry","category-capital","category-hoyesnoticia","category-puebla","category-salud","category-slide","tag-covid-19","tag-es-noticia","tag-gobierno","tag-hoyesnoticia","tag-hoyesnoticiaapp","tag-puebla","tag-salud","tag-slide","tag-slider","tag-sliderapp"],"_links":{"self":[{"href":"https:\/\/sintesis.com.mx\/puebla\/wp-json\/wp\/v2\/posts\/289501"}],"collection":[{"href":"https:\/\/sintesis.com.mx\/puebla\/wp-json\/wp\/v2\/posts"}],"about":[{"href":"https:\/\/sintesis.com.mx\/puebla\/wp-json\/wp\/v2\/types\/post"}],"author":[{"embeddable":true,"href":"https:\/\/sintesis.com.mx\/puebla\/wp-json\/wp\/v2\/users\/26"}],"replies":[{"embeddable":true,"href":"https:\/\/sintesis.com.mx\/puebla\/wp-json\/wp\/v2\/comments?post=289501"}],"version-history":[{"count":0,"href":"https:\/\/sintesis.com.mx\/puebla\/wp-json\/wp\/v2\/posts\/289501\/revisions"}],"wp:attachment":[{"href":"https:\/\/sintesis.com.mx\/puebla\/wp-json\/wp\/v2\/media?parent=289501"}],"wp:term":[{"taxonomy":"category","embeddable":true,"href":"https:\/\/sintesis.com.mx\/puebla\/wp-json\/wp\/v2\/categories?post=289501"},{"taxonomy":"post_tag","embeddable":true,"href":"https:\/\/sintesis.com.mx\/puebla\/wp-json\/wp\/v2\/tags?post=289501"},{"taxonomy":"yst_prominent_words","embeddable":true,"href":"https:\/\/sintesis.com.mx\/puebla\/wp-json\/wp\/v2\/yst_prominent_words?post=289501"}],"curies":[{"name":"wp","href":"https:\/\/api.w.org\/{rel}","templated":true}]}}