{"id":291690,"date":"2022-05-23T16:26:25","date_gmt":"2022-05-23T21:26:25","guid":{"rendered":"https:\/\/sintesis.com.mx\/puebla\/?p=291690"},"modified":"2022-05-23T16:26:25","modified_gmt":"2022-05-23T21:26:25","slug":"la-mariposa-naranja-11","status":"publish","type":"post","link":"https:\/\/sintesis.com.mx\/puebla\/2022\/05\/23\/la-mariposa-naranja-11\/","title":{"rendered":"La Mariposa Naranja"},"content":{"rendered":"<p>El s\u00e1bado pasado la noticia de la ejecuci\u00f3n de la abogada y activista feminista Cecilia Monz\u00f3n cay\u00f3 como bomba en Puebla.<\/p>\n<p>Ya de entrada, enterarse del asesinato de una mujer m\u00e1s en el estado fue desagradable, pero saber unas horas despu\u00e9s que la v\u00edctima era una figura p\u00fablica por la actividad pol\u00edtica que desempe\u00f1\u00f3 adem\u00e1s del activismo que actualmente ejerc\u00eda a favor de las mujeres, increment\u00f3 la sensaci\u00f3n de desagrado y gener\u00f3 tambi\u00e9n la de desasosiego.<\/p>\n<p>Recuerdo haberla conocido hace algunos a\u00f1os en eventos pol\u00edticos y haber coincidido en un evento donde se invit\u00f3 a varias mujeres a platicar sobre la violencia pol\u00edtica que vivieron durante las campa\u00f1as. Si se siente feo enterarse del asesinato de una mujer desconocida, m\u00e1s feo se siente de alguien a quien conociste.<\/p>\n<p>Cu\u00e1l fue el motivo de su ejecuci\u00f3n y qui\u00e9n fue el autor intelectual as\u00ed como los autores materiales, son respuestas que nos tendr\u00e1 que dar la Fiscal\u00eda General del Estado.<\/p>\n<p>Hoy en la ma\u00f1ana en su conferencia de prensa diaria, el gobernador, Miguel Barbosa, manifest\u00f3 que ya se tienen avances en la investigaci\u00f3n del caso que se est\u00e1 manejando como feminicidio\u00a0 y que \u00e9ste no quedar\u00e1 impune.<\/p>\n<p>Ojal\u00e1 sea cierto.<\/p>\n<p>Ojal\u00e1 que caiga en este caso quien tenga que caer.<\/p>\n<p>La ejecuci\u00f3n de Cecilia Monz\u00f3n, deja de manifiesto una vez m\u00e1s que alzar la voz contra las injusticias te conduce en este pa\u00eds a la muerte.<\/p>\n<p>Esperemos se esclarezcan los hechos, pero todo apunta a que su lucha para lograr que ninguna mujer m\u00e1s fuera violentada y para que los varones no se desentendieran de sus hijos en caso de una separaci\u00f3n, fue lo que le arranc\u00f3 la vida.<\/p>\n<p>Hab\u00edamos sabido de ejecuciones de figuras p\u00fablicas en otros estados del pa\u00eds as\u00ed como en el interior de nuestra entidad, pero no hab\u00eda alcanzado este tipo de crimen a la zona conurbada de Puebla.<\/p>\n<p>De miedo lo que est\u00e1 ocurriendo en nuestro estado.<\/p>\n<p>Es alarmante ver la cantidad de fichas de b\u00fasqueda de mujeres que circulan en redes sociales todos los d\u00edas.<\/p>\n<p>Afortunadamente una de las adolescentes que se report\u00f3 como desaparecida en Puebla fue hallada con vida pero de las dem\u00e1s, a\u00fan no se sabe nada.<\/p>\n<p>Aparte de la ejecuci\u00f3n ya mencionada, otra mujer fue encontrada sin vida y con huellas de extrema violencia el viernes pasado en Puebla.<\/p>\n<p>Van 32 mujeres asesinadas en lo que va del a\u00f1o, aunque no todos los casos est\u00e1n siendo investigados como feminicidios.<\/p>\n<p>Ser mujer es sumamente peligroso en una sociedad machista que cada vez demuestra ser m\u00e1s cruel contra el sexo femenino.<\/p>\n<p>Pareciera que ser mujer es un delito que merece ser castigado con la pena de muerte.<\/p>\n<p>Ser mujer y atreverse a alzar la voz por otras mujeres es delito doble. As\u00ed lo demostr\u00f3 el crimen perpetrado contra Cecilia Monz\u00f3n.<\/p>\n<p>Urge que las autoridades de los tres niveles de gobierno se coordinen para enfrentar YA un problema que se les sali\u00f3 de las manos.<\/p>\n<p>Dijo AMLO esta ma\u00f1ana que su gobierno est\u00e1 en coordinaci\u00f3n con la Fiscal\u00eda de Puebla para esclarecer la ejecuci\u00f3n a manos de sicarios de la activista poblana. Esperemos que las palabras se transformen en hechos y que no se queden como suele ocurrir, en el aire.<\/p>\n<p>Ah pero eso s\u00ed, as\u00ed como est\u00e1n dispuestas las autoridades a poner todo el aparato judicial para resolver este caso, tambi\u00e9n lo deben estar con todos y cada uno de los asesinatos de mujeres.<\/p>\n<p>Ser\u00eda injusto que una vez m\u00e1s, solo por ser la v\u00edctima una figura conocida, s\u00ed se pusieran las pilas solo por quedar bien con el sector pol\u00edtico.<\/p>\n<p>Ojal\u00e1 se haga justicia para todas las mujeres asesinadas.<\/p>\n<p>En paz descanse Cecilia Monz\u00f3n.<\/p>\n<p><strong>CONTACTO<\/strong><\/p>\n<p><strong>@Ari_Sintesis127 en Twitter.<\/strong><\/p>\n<p><strong>rodaril127@gmail.com<\/strong><\/p>\n","protected":false},"excerpt":{"rendered":"<p>El s\u00e1bado pasado la noticia de la ejecuci\u00f3n de la abogada y activista feminista Cecilia Monz\u00f3n cay\u00f3 como bomba en Puebla. Ya de entrada, enterarse del asesinato de una mujer m\u00e1s en el estado fue desagradable, pero saber unas horas despu\u00e9s que la v\u00edctima era una figura p\u00fablica por la actividad pol\u00edtica que desempe\u00f1\u00f3 adem\u00e1s [&hellip;]<\/p>\n","protected":false},"author":121,"featured_media":226886,"comment_status":"open","ping_status":"open","sticky":false,"template":"","format":"standard","meta":{"footnotes":""},"categories":[7],"tags":[47396,65,27,8254,68033,5669],"yst_prominent_words":[33413,33626,36128,32655,38635,30081,31780,31161,31282,29562,57260,32200,30423],"class_list":["post-291690","post","type-post","status-publish","format-standard","has-post-thumbnail","hentry","category-vox","tag-arianna-cos","tag-esnoticia","tag-hoyesnoticia","tag-hoyesnoticiaapp","tag-la-mariposa-naranja","tag-vox"],"_links":{"self":[{"href":"https:\/\/sintesis.com.mx\/puebla\/wp-json\/wp\/v2\/posts\/291690"}],"collection":[{"href":"https:\/\/sintesis.com.mx\/puebla\/wp-json\/wp\/v2\/posts"}],"about":[{"href":"https:\/\/sintesis.com.mx\/puebla\/wp-json\/wp\/v2\/types\/post"}],"author":[{"embeddable":true,"href":"https:\/\/sintesis.com.mx\/puebla\/wp-json\/wp\/v2\/users\/121"}],"replies":[{"embeddable":true,"href":"https:\/\/sintesis.com.mx\/puebla\/wp-json\/wp\/v2\/comments?post=291690"}],"version-history":[{"count":0,"href":"https:\/\/sintesis.com.mx\/puebla\/wp-json\/wp\/v2\/posts\/291690\/revisions"}],"wp:featuredmedia":[{"embeddable":true,"href":"https:\/\/sintesis.com.mx\/puebla\/wp-json\/wp\/v2\/media\/226886"}],"wp:attachment":[{"href":"https:\/\/sintesis.com.mx\/puebla\/wp-json\/wp\/v2\/media?parent=291690"}],"wp:term":[{"taxonomy":"category","embeddable":true,"href":"https:\/\/sintesis.com.mx\/puebla\/wp-json\/wp\/v2\/categories?post=291690"},{"taxonomy":"post_tag","embeddable":true,"href":"https:\/\/sintesis.com.mx\/puebla\/wp-json\/wp\/v2\/tags?post=291690"},{"taxonomy":"yst_prominent_words","embeddable":true,"href":"https:\/\/sintesis.com.mx\/puebla\/wp-json\/wp\/v2\/yst_prominent_words?post=291690"}],"curies":[{"name":"wp","href":"https:\/\/api.w.org\/{rel}","templated":true}]}}