{"id":295155,"date":"2022-06-10T13:32:08","date_gmt":"2022-06-10T18:32:08","guid":{"rendered":"https:\/\/sintesis.com.mx\/puebla\/?p=295155"},"modified":"2022-06-10T13:32:08","modified_gmt":"2022-06-10T18:32:08","slug":"puebla-sin-casos-de-viruela-del-mono","status":"publish","type":"post","link":"https:\/\/sintesis.com.mx\/puebla\/2022\/06\/10\/puebla-sin-casos-de-viruela-del-mono\/","title":{"rendered":"Puebla sin casos de viruela del mono"},"content":{"rendered":"<p>Luego de informarse de una serie de casos de Viruela del Mono presentados durante una fiesta en Puerto Vallarta, el secretario de salud en el estado, <strong>Jos\u00e9 Antonio Mart\u00ednez Garc\u00eda<\/strong>, dio a conocer que en la entidad no se ha presentado ning\u00fan caso de la enfermedad<\/p>\n<p style=\"text-align: center;\"><strong>\u201cNo se ha presentado ni un caso en ning\u00fan municipio del estado, estamos obviamente al pendiente de cualquier persona que sugiera los s\u00edntomas de la viruela s\u00edmica\u201d.<\/strong><\/p>\n<p>Agreg\u00f3 que los primeros casos siempre son de importaci\u00f3n y hasta el momento no se ha reportado alg\u00fan registro de la enfermedad.<\/p>\n<blockquote class=\"twitter-tweet\" data-width=\"550\" data-dnt=\"true\">\n<p lang=\"es\" dir=\"ltr\"><a href=\"https:\/\/twitter.com\/hashtag\/S%C3%ADntesis30?src=hash&amp;ref_src=twsrc%5Etfw\">#S\u00edntesis30<\/a> \ud83d\udcf0 | Hasta el momento, no se reportan casos de viruela s\u00edmica en <a href=\"https:\/\/twitter.com\/hashtag\/Puebla?src=hash&amp;ref_src=twsrc%5Etfw\">#Puebla<\/a>, se\u00f1ala el titular de Salud, <a href=\"https:\/\/twitter.com\/JAntonioMtzGa?ref_src=twsrc%5Etfw\">@JAntonioMtzGa<\/a> <\/p>\n<p>\u270d\ud83c\udffb <a href=\"https:\/\/twitter.com\/reporpue11?ref_src=twsrc%5Etfw\">@reporpue11<\/a> <a href=\"https:\/\/t.co\/BE6pxOWIv8\">pic.twitter.com\/BE6pxOWIv8<\/a><\/p>\n<p>&mdash; S\u00edntesis Puebla (@sintesisweb) <a href=\"https:\/\/twitter.com\/sintesisweb\/status\/1535275928611434498?ref_src=twsrc%5Etfw\">June 10, 2022<\/a><\/p><\/blockquote>\n<p><script async src=\"https:\/\/platform.twitter.com\/widgets.js\" charset=\"utf-8\"><\/script><\/p>\n<p>Fue en d\u00edas pasados cuando la secretaria de Salud en el estado de Jalisco lanz\u00f3 una alerta ya que la persona portadora de la enfermedad no guardo el aislamiento y acudi\u00f3 a diferentes fiestas, por lo que esta dependencia llam\u00f3 a las personas que pudieron tener contacto cercano a \u00e9l\u00a0 a acudir por revisi\u00f3n m\u00e9dica en caso de presentar s\u00edntomas.<\/p>\n","protected":false},"excerpt":{"rendered":"<p>Luego de informarse de una serie de casos de Viruela del Mono presentados durante una fiesta en Puerto Vallarta, el secretario de salud en el estado, Jos\u00e9 Antonio Mart\u00ednez Garc\u00eda, dio a conocer que en la entidad no se ha presentado ning\u00fan caso de la enfermedad \u201cNo se ha presentado ni un caso en ning\u00fan [&hellip;]<\/p>\n","protected":false},"author":6,"featured_media":0,"comment_status":"open","ping_status":"open","sticky":false,"template":"","format":"standard","meta":{"footnotes":""},"categories":[72262,8,46849],"tags":[41,27,8254,43299,18,81187],"yst_prominent_words":[33481,41993,29745,34220],"class_list":["post-295155","post","type-post","status-publish","format-standard","hentry","category-gobierno","category-hoyesnoticia","category-salud","tag-es-noticia","tag-hoyesnoticia","tag-hoyesnoticiaapp","tag-jose-antonio-martinez-garcia","tag-puebla","tag-viruela-del-mono"],"_links":{"self":[{"href":"https:\/\/sintesis.com.mx\/puebla\/wp-json\/wp\/v2\/posts\/295155"}],"collection":[{"href":"https:\/\/sintesis.com.mx\/puebla\/wp-json\/wp\/v2\/posts"}],"about":[{"href":"https:\/\/sintesis.com.mx\/puebla\/wp-json\/wp\/v2\/types\/post"}],"author":[{"embeddable":true,"href":"https:\/\/sintesis.com.mx\/puebla\/wp-json\/wp\/v2\/users\/6"}],"replies":[{"embeddable":true,"href":"https:\/\/sintesis.com.mx\/puebla\/wp-json\/wp\/v2\/comments?post=295155"}],"version-history":[{"count":0,"href":"https:\/\/sintesis.com.mx\/puebla\/wp-json\/wp\/v2\/posts\/295155\/revisions"}],"wp:attachment":[{"href":"https:\/\/sintesis.com.mx\/puebla\/wp-json\/wp\/v2\/media?parent=295155"}],"wp:term":[{"taxonomy":"category","embeddable":true,"href":"https:\/\/sintesis.com.mx\/puebla\/wp-json\/wp\/v2\/categories?post=295155"},{"taxonomy":"post_tag","embeddable":true,"href":"https:\/\/sintesis.com.mx\/puebla\/wp-json\/wp\/v2\/tags?post=295155"},{"taxonomy":"yst_prominent_words","embeddable":true,"href":"https:\/\/sintesis.com.mx\/puebla\/wp-json\/wp\/v2\/yst_prominent_words?post=295155"}],"curies":[{"name":"wp","href":"https:\/\/api.w.org\/{rel}","templated":true}]}}