{"id":298962,"date":"2022-07-03T14:19:42","date_gmt":"2022-07-03T19:19:42","guid":{"rendered":"https:\/\/sintesis.com.mx\/puebla\/?p=298962"},"modified":"2022-07-03T14:19:42","modified_gmt":"2022-07-03T19:19:42","slug":"pide-secretaria-de-medio-ambiente","status":"publish","type":"post","link":"https:\/\/sintesis.com.mx\/puebla\/2022\/07\/03\/pide-secretaria-de-medio-ambiente\/","title":{"rendered":"Pide Secretar\u00eda de Medio Ambiente a la poblaci\u00f3n evitar incendios forestales"},"content":{"rendered":"<p>Con la finalidad de mantener una buena calidad del aire en Puebla, <strong>la secretaria del Medio Ambiente del gobierno estatal, Beatriz Manrique Guevara, exhort\u00f3 a la poblaci\u00f3n a no provocar incendios forestales y quema de residuos<\/strong>.<\/p>\n<p>Asimismo dijo que se debe mantener en buenas condiciones mec\u00e1nicas los veh\u00edculos para evitar contaminaciones ambiental.<\/p>\n<blockquote><p>\u00abLa Red Estatal de Monitoreo Atm\u00f3sferico report\u00f3 que que en el mes de junio hubo 20 d\u00edas con calidad de aire y regular y 10 d\u00edas con buena calidad\u00bb, destac\u00f3.<\/p><\/blockquote>\n<p>Afirm\u00f3 que el ozono super\u00f3 los est\u00e1ndares de la Norma Oficial Mexicana y s\u00f3lo uno de los 30 d\u00edas analizados la calificaci\u00f3n no fue satisfactoria.<\/p>\n","protected":false},"excerpt":{"rendered":"<p>Con la finalidad de mantener una buena calidad del aire en Puebla, la secretaria del Medio Ambiente del gobierno estatal, Beatriz Manrique Guevara, exhort\u00f3 a la poblaci\u00f3n a no provocar incendios forestales y quema de residuos. Asimismo dijo que se debe mantener en buenas condiciones mec\u00e1nicas los veh\u00edculos para evitar contaminaciones ambiental. \u00abLa Red Estatal [&hellip;]<\/p>\n","protected":false},"author":26,"featured_media":0,"comment_status":"open","ping_status":"open","sticky":false,"template":"","format":"standard","meta":{"footnotes":""},"categories":[3],"tags":[23972,9106,789,18,23,20668,40526],"yst_prominent_words":[52010,30799,48513,30286,30091,29872],"class_list":["post-298962","post","type-post","status-publish","format-standard","hentry","category-puebla","tag-beatriz-manrique-guevara","tag-incendios-forestales","tag-medio-ambiente","tag-puebla","tag-slide","tag-slider","tag-sliderapp"],"_links":{"self":[{"href":"https:\/\/sintesis.com.mx\/puebla\/wp-json\/wp\/v2\/posts\/298962"}],"collection":[{"href":"https:\/\/sintesis.com.mx\/puebla\/wp-json\/wp\/v2\/posts"}],"about":[{"href":"https:\/\/sintesis.com.mx\/puebla\/wp-json\/wp\/v2\/types\/post"}],"author":[{"embeddable":true,"href":"https:\/\/sintesis.com.mx\/puebla\/wp-json\/wp\/v2\/users\/26"}],"replies":[{"embeddable":true,"href":"https:\/\/sintesis.com.mx\/puebla\/wp-json\/wp\/v2\/comments?post=298962"}],"version-history":[{"count":0,"href":"https:\/\/sintesis.com.mx\/puebla\/wp-json\/wp\/v2\/posts\/298962\/revisions"}],"wp:attachment":[{"href":"https:\/\/sintesis.com.mx\/puebla\/wp-json\/wp\/v2\/media?parent=298962"}],"wp:term":[{"taxonomy":"category","embeddable":true,"href":"https:\/\/sintesis.com.mx\/puebla\/wp-json\/wp\/v2\/categories?post=298962"},{"taxonomy":"post_tag","embeddable":true,"href":"https:\/\/sintesis.com.mx\/puebla\/wp-json\/wp\/v2\/tags?post=298962"},{"taxonomy":"yst_prominent_words","embeddable":true,"href":"https:\/\/sintesis.com.mx\/puebla\/wp-json\/wp\/v2\/yst_prominent_words?post=298962"}],"curies":[{"name":"wp","href":"https:\/\/api.w.org\/{rel}","templated":true}]}}