{"id":301980,"date":"2022-07-24T13:58:33","date_gmt":"2022-07-24T18:58:33","guid":{"rendered":"https:\/\/sintesis.com.mx\/puebla\/?p=301980"},"modified":"2022-07-24T13:58:33","modified_gmt":"2022-07-24T18:58:33","slug":"proyecto-de-san-alejandro-va-retrasado","status":"publish","type":"post","link":"https:\/\/sintesis.com.mx\/puebla\/2022\/07\/24\/proyecto-de-san-alejandro-va-retrasado\/","title":{"rendered":"Proyecto de San Alejandro va retrasado; en seis meses arrancar\u00eda la obra, dice Mario Riestra"},"content":{"rendered":"<p>El diputado federal Mario Riestra Pi\u00f1a mostr\u00f3 su preocupaci\u00f3n por que no se ha elaborado el proyecto ejecutivo del Hospital de San Alejandro; que de seguir as\u00ed las cosas, se espera que en seis meses arranque la obra.<\/p>\n<p>En entrevista, lament\u00f3 las condiciones del Hospital La Margarita, de ah\u00ed que estar\u00e1n impulsando que en el Proyecto de Egresos de la Federaci\u00f3n (PEF), se contemplen mil 500 millones para San Alejandro y 150 a 200 millones m\u00e1s para el primero.<\/p>\n<p>\u201cNo tienen el proyecto ejecutivo para San Alejandro, no han licitado la elaboraci\u00f3n del proyecto, no hay proyecto de gesti\u00f3n manifestaci\u00f3n de impacto ambiental, permiso de construcci\u00f3n y esto es preocupante porque la puesta del arranque de obra se contempla entre cinco a 6 meses y eso es intolerable para los miles de derechos habientes que padecen condiciones lamentables de saturaci\u00f3n\u201d.<\/p>\n<p>Detall\u00f3 que para el proyecto de Amozoc se requieren 2 mil millones de pesos con 260 camas, mil 500 millones para San Alejandro y entre 150 a 200 millones de pesos para la Margarita aunque este recurso no alcanzar\u00eda lo esperado de una cama por cada mil derechohabientes.<\/p>\n<p>Critic\u00f3 que el gobierno Federal haya priorizado la remodelaci\u00f3n del Estadio de beisb\u00f3l en lugar de la salud cuando se traviesa una pandemia como la covid-19.<\/p>\n","protected":false},"excerpt":{"rendered":"<p>El diputado federal Mario Riestra Pi\u00f1a mostr\u00f3 su preocupaci\u00f3n por que no se ha elaborado el proyecto ejecutivo del Hospital de San Alejandro; que de seguir as\u00ed las cosas, se espera que en seis meses arranque la obra. En entrevista, lament\u00f3 las condiciones del Hospital La Margarita, de ah\u00ed que estar\u00e1n impulsando que en el [&hellip;]<\/p>\n","protected":false},"author":9,"featured_media":0,"comment_status":"open","ping_status":"open","sticky":false,"template":"","format":"standard","meta":{"footnotes":""},"categories":[3],"tags":[70516,4077,81926,1492,7066,7861,23,20668,40526],"yst_prominent_words":[30876,30493,29722,29991,40878,31800,32165,30958,29990,32775,29942,29578,29677,58688,29640,29985],"class_list":["post-301980","post","type-post","status-publish","format-standard","hentry","category-puebla","tag-arranque-de-obra","tag-diputado-federal","tag-hospital-san-aejandro","tag-mario-riestra-pina","tag-pef","tag-retraso","tag-slide","tag-slider","tag-sliderapp"],"_links":{"self":[{"href":"https:\/\/sintesis.com.mx\/puebla\/wp-json\/wp\/v2\/posts\/301980"}],"collection":[{"href":"https:\/\/sintesis.com.mx\/puebla\/wp-json\/wp\/v2\/posts"}],"about":[{"href":"https:\/\/sintesis.com.mx\/puebla\/wp-json\/wp\/v2\/types\/post"}],"author":[{"embeddable":true,"href":"https:\/\/sintesis.com.mx\/puebla\/wp-json\/wp\/v2\/users\/9"}],"replies":[{"embeddable":true,"href":"https:\/\/sintesis.com.mx\/puebla\/wp-json\/wp\/v2\/comments?post=301980"}],"version-history":[{"count":0,"href":"https:\/\/sintesis.com.mx\/puebla\/wp-json\/wp\/v2\/posts\/301980\/revisions"}],"wp:attachment":[{"href":"https:\/\/sintesis.com.mx\/puebla\/wp-json\/wp\/v2\/media?parent=301980"}],"wp:term":[{"taxonomy":"category","embeddable":true,"href":"https:\/\/sintesis.com.mx\/puebla\/wp-json\/wp\/v2\/categories?post=301980"},{"taxonomy":"post_tag","embeddable":true,"href":"https:\/\/sintesis.com.mx\/puebla\/wp-json\/wp\/v2\/tags?post=301980"},{"taxonomy":"yst_prominent_words","embeddable":true,"href":"https:\/\/sintesis.com.mx\/puebla\/wp-json\/wp\/v2\/yst_prominent_words?post=301980"}],"curies":[{"name":"wp","href":"https:\/\/api.w.org\/{rel}","templated":true}]}}