{"id":305881,"date":"2022-08-23T10:15:54","date_gmt":"2022-08-23T15:15:54","guid":{"rendered":"https:\/\/sintesis.com.mx\/puebla\/?p=305881"},"modified":"2022-08-23T10:16:34","modified_gmt":"2022-08-23T15:16:34","slug":"empresa-que-coloco-publicidad-de-ignacio","status":"publish","type":"post","link":"https:\/\/sintesis.com.mx\/puebla\/2022\/08\/23\/empresa-que-coloco-publicidad-de-ignacio\/","title":{"rendered":"Empresa que coloc\u00f3 publicidad de Ignacio Mier ser\u00e1 sancionada"},"content":{"rendered":"<p>El Secretario de <strong><a href=\"https:\/\/twitter.com\/SGyDU_Puebla\">Gesti\u00f3n y Desarrollo Urbano<\/a><\/strong>, <strong>Felipe Vel\u00e1zquez Guti\u00e9rrez<\/strong> inform\u00f3 que la empresa REGiET que coloc\u00f3 la propaganda pol\u00edtica del coordinador de diputados federales de Morena, Ignacio Mier Velazco, tiene hasta este mi\u00e9rcoles para retirarla de los puestos de peri\u00f3dicos, de lo contrario ser\u00e1 sancionada.<\/p>\n<p>Por separado, y tras el mensaje del morenista que critic\u00f3 la medida del Ayuntamiento de Puebla, el presidente municipal <strong>Eduardo Rivera P\u00e9rez<\/strong> afirm\u00f3 que la medida es pareja y no tiene dedicatoria para nadie.<\/p>\n<p>Nuevamente llam\u00f3 a todos los actores pol\u00edticos sin importar su afiliaci\u00f3n partidista a respetar la ley, y descart\u00f3 que sea un mensaje con dedicatoria.<\/p>\n<p>Por separado, Felipe Vel\u00e1zquez explic\u00f3 que el <strong>art\u00edculo 773 del C\u00f3digo Reglamentario Municipal (Coremun)<\/strong>, fracci\u00f3n 22, desde hace 14 a\u00f1os establece la prohibici\u00f3n de colocar propaganda pol\u00edtica en Centro Hist\u00f3rico principalmente en \u00e1reas patrimoniales y zona monumentos.<\/p>\n<p>Abund\u00f3 que no tendr\u00eda que haber alguna excepci\u00f3n, ya sea en tiempos de campa\u00f1a o no, la norma aplica en cualquier momento.<\/p>\n<p>De igual modo, aclar\u00f3 que no se sanciona al actor sino a la empresa, por ello, tiene hasta este mi\u00e9rcoles para retirar la publicidad, caso contrario se aplicar\u00e1 una multa pero no dio detalles de la misma.<\/p>\n<p>\u201cLa empresa estar\u00eda en condiciones de ser sancionada, la empresa tiene convenio con el municipio y se valorar\u00e1 la superficie de los metros cuadros de los anuncios y se aplicar\u00e1 la sanci\u00f3n. Se notifica y si hay postura negativa de corregir la falta, se aplica la sanci\u00f3n, no sabr\u00eda decir el monto exacto porque depende de la cantidad de anuncios que hayan colocado. Tienen mucho tiempo con la concesi\u00f3n de los anuncios\u201d.<\/p>\n<p>Relat\u00f3 que la argumentaci\u00f3n para implementar la publicidad fue que era una norma electoral, pero ya se les aclar\u00f3 que el Coremun no hace diferencia principalmente en Centro Hist\u00f3rico.<\/p>\n<p>\u201cLa empresa se comprometi\u00f3 que en esta semana los retira no s\u00e9 cu\u00e1ntos fueron pero en el domingo iniciaron el domingo.<\/p>\n<p>Al final, neg\u00f3 que les vayan a retirar la concesi\u00f3n, sin embargo y una vez que est\u00e1 pr\u00f3xima a vencer, si se demuestra que hay incumplimiento, no podr\u00eda concursar nuevamente: \u201cEst\u00e1 por vencer, a unos meses de que venza\u201d.<\/p>\n","protected":false},"excerpt":{"rendered":"<p>El Secretario de Gesti\u00f3n y Desarrollo Urbano, Felipe Vel\u00e1zquez Guti\u00e9rrez inform\u00f3 que la empresa REGiET que coloc\u00f3 la propaganda pol\u00edtica del coordinador de diputados federales de Morena, Ignacio Mier Velazco, tiene hasta este mi\u00e9rcoles para retirarla de los puestos de peri\u00f3dicos, de lo contrario ser\u00e1 sancionada. Por separado, y tras el mensaje del morenista que [&hellip;]<\/p>\n","protected":false},"author":9,"featured_media":0,"comment_status":"open","ping_status":"open","sticky":false,"template":"","format":"standard","meta":{"footnotes":""},"categories":[72263,8,3,11],"tags":[356,41,4342,27,8254,17810,19013,82322,82323,23,20668,40526],"yst_prominent_words":[29724,30257,53240,38762,30288,40637,29617,33773,32457,29816,40942,32566,44678,32653],"class_list":["post-305881","post","type-post","status-publish","format-standard","hentry","category-capital","category-hoyesnoticia","category-puebla","category-slide","tag-eduardo-rivera-perez","tag-es-noticia","tag-felipe-velazquez-gutierrez","tag-hoyesnoticia","tag-hoyesnoticiaapp","tag-ignacio-mier-velazco","tag-publicidad","tag-puestos-de-periodico","tag-sancion-empresa","tag-slide","tag-slider","tag-sliderapp"],"_links":{"self":[{"href":"https:\/\/sintesis.com.mx\/puebla\/wp-json\/wp\/v2\/posts\/305881"}],"collection":[{"href":"https:\/\/sintesis.com.mx\/puebla\/wp-json\/wp\/v2\/posts"}],"about":[{"href":"https:\/\/sintesis.com.mx\/puebla\/wp-json\/wp\/v2\/types\/post"}],"author":[{"embeddable":true,"href":"https:\/\/sintesis.com.mx\/puebla\/wp-json\/wp\/v2\/users\/9"}],"replies":[{"embeddable":true,"href":"https:\/\/sintesis.com.mx\/puebla\/wp-json\/wp\/v2\/comments?post=305881"}],"version-history":[{"count":0,"href":"https:\/\/sintesis.com.mx\/puebla\/wp-json\/wp\/v2\/posts\/305881\/revisions"}],"wp:attachment":[{"href":"https:\/\/sintesis.com.mx\/puebla\/wp-json\/wp\/v2\/media?parent=305881"}],"wp:term":[{"taxonomy":"category","embeddable":true,"href":"https:\/\/sintesis.com.mx\/puebla\/wp-json\/wp\/v2\/categories?post=305881"},{"taxonomy":"post_tag","embeddable":true,"href":"https:\/\/sintesis.com.mx\/puebla\/wp-json\/wp\/v2\/tags?post=305881"},{"taxonomy":"yst_prominent_words","embeddable":true,"href":"https:\/\/sintesis.com.mx\/puebla\/wp-json\/wp\/v2\/yst_prominent_words?post=305881"}],"curies":[{"name":"wp","href":"https:\/\/api.w.org\/{rel}","templated":true}]}}