{"id":309887,"date":"2022-09-14T14:02:43","date_gmt":"2022-09-14T19:02:43","guid":{"rendered":"https:\/\/sintesis.com.mx\/puebla\/?p=309887"},"modified":"2022-09-14T14:02:43","modified_gmt":"2022-09-14T19:02:43","slug":"apoyo-para-migrantes-en-retorno","status":"publish","type":"post","link":"https:\/\/sintesis.com.mx\/puebla\/2022\/09\/14\/apoyo-para-migrantes-en-retorno\/","title":{"rendered":"Revelan habr\u00e1 apoyo para migrantes en retorno en SACH"},"content":{"rendered":"<p>El regidor de migraci\u00f3n en el municipio de<strong> San Andr\u00e9s Cholula<\/strong>, Juan Carlos L\u00f3pez Bravo dio a conocer que en los pr\u00f3ximos meses el ayuntamiento comenzar\u00e1 con el apoyo a migrantes en retorno, a fin de apoyarlos a que puedan continuar con su actividad econ\u00f3mica tras su regreso de los Estados Unidos.<\/p>\n<p>Este apoyo se dar\u00e1 por medio de la Secretaria de Bienestar, y se dar\u00e1 un apoyo econ\u00f3mico a migrantes que acaban de regresar de Estados Unidos para que emprendan un negocio o puedan adquirir la herramienta necesaria para que sigan trabajando en lo que hac\u00edan en el pa\u00eds vecino.<\/p>\n<p>Esta ser\u00e1 una de las acciones que se estar\u00e1 dialogando en la mesa intermunicipal que se desarrolla con diferentes municipios y donde <strong>San Andr\u00e9s Cholula<\/strong> ser\u00e1 la sede de este encuentro el pr\u00f3ximo 29 de septiembre.<\/p>\n<p>Explic\u00f3 que en estas mesas identifican los problemas que existen los municipios tanto de emigrantes como de migrantes para poder dar una soluci\u00f3n.<\/p>\n<p><strong>\u00abEn el caso de San Andr\u00e9s Cholula, estamos incluyendo a los familiares de los migrantes, se tuvo contacto con Acnur, Casa de Refugiados, GyZ, que son asociaciones que nos ayudan con el tema migratorio y se da atenci\u00f3n a los migrantes de paso y de aquellos que se quedaron a radicar en San Andr\u00e9s Cholula\u201d.<\/strong><\/p>\n<p>Abund\u00f3 que se han atendido a personas de Guatemala, Honduras, Venezuela y hasta de Brasil, \u201chemos buscado apoyarlos, pero como administraciones pasadas no han hecho un trabajo o apoyo para ellos, tienen miedo a acercarse piensan que los podemos deportar y molestar en su estancia en el municipio\u201d.<\/p>\n","protected":false},"excerpt":{"rendered":"<p>El regidor de migraci\u00f3n en el municipio de San Andr\u00e9s Cholula, Juan Carlos L\u00f3pez Bravo dio a conocer que en los pr\u00f3ximos meses el ayuntamiento comenzar\u00e1 con el apoyo a migrantes en retorno, a fin de apoyarlos a que puedan continuar con su actividad econ\u00f3mica tras su regreso de los Estados Unidos. Este apoyo se [&hellip;]<\/p>\n","protected":false},"author":6,"featured_media":309896,"comment_status":"open","ping_status":"open","sticky":false,"template":"","format":"standard","meta":{"footnotes":""},"categories":[12,8,9],"tags":[41,27,8254,82634,18,81834,59],"yst_prominent_words":[31093,31090,30795,30798,53632,32829,33948,36220,29781,30803,29640,31089,31087,29992,30135],"class_list":["post-309887","post","type-post","status-publish","format-standard","has-post-thumbnail","hentry","category-cholula","category-hoyesnoticia","category-municipios","tag-es-noticia","tag-hoyesnoticia","tag-hoyesnoticiaapp","tag-juan-carlos-lopez","tag-puebla","tag-regidor-de-migracion","tag-san-andres-cholula"],"_links":{"self":[{"href":"https:\/\/sintesis.com.mx\/puebla\/wp-json\/wp\/v2\/posts\/309887"}],"collection":[{"href":"https:\/\/sintesis.com.mx\/puebla\/wp-json\/wp\/v2\/posts"}],"about":[{"href":"https:\/\/sintesis.com.mx\/puebla\/wp-json\/wp\/v2\/types\/post"}],"author":[{"embeddable":true,"href":"https:\/\/sintesis.com.mx\/puebla\/wp-json\/wp\/v2\/users\/6"}],"replies":[{"embeddable":true,"href":"https:\/\/sintesis.com.mx\/puebla\/wp-json\/wp\/v2\/comments?post=309887"}],"version-history":[{"count":0,"href":"https:\/\/sintesis.com.mx\/puebla\/wp-json\/wp\/v2\/posts\/309887\/revisions"}],"wp:featuredmedia":[{"embeddable":true,"href":"https:\/\/sintesis.com.mx\/puebla\/wp-json\/wp\/v2\/media\/309896"}],"wp:attachment":[{"href":"https:\/\/sintesis.com.mx\/puebla\/wp-json\/wp\/v2\/media?parent=309887"}],"wp:term":[{"taxonomy":"category","embeddable":true,"href":"https:\/\/sintesis.com.mx\/puebla\/wp-json\/wp\/v2\/categories?post=309887"},{"taxonomy":"post_tag","embeddable":true,"href":"https:\/\/sintesis.com.mx\/puebla\/wp-json\/wp\/v2\/tags?post=309887"},{"taxonomy":"yst_prominent_words","embeddable":true,"href":"https:\/\/sintesis.com.mx\/puebla\/wp-json\/wp\/v2\/yst_prominent_words?post=309887"}],"curies":[{"name":"wp","href":"https:\/\/api.w.org\/{rel}","templated":true}]}}