{"id":315802,"date":"2022-10-16T17:10:43","date_gmt":"2022-10-16T22:10:43","guid":{"rendered":"https:\/\/sintesis.com.mx\/puebla\/?p=315802"},"modified":"2022-10-16T17:10:43","modified_gmt":"2022-10-16T22:10:43","slug":"buscan-tres-empresas","status":"publish","type":"post","link":"https:\/\/sintesis.com.mx\/puebla\/2022\/10\/16\/buscan-tres-empresas\/","title":{"rendered":"Buscan tres empresas nacionales al Ayuntamiento de Puebla para operar bicis p\u00fablicas"},"content":{"rendered":"<p><strong>Tres empresas nacionales se han acercado al Ayuntamiento de Puebla para operar el sistema de bicicletas p\u00fablicas en la capital<\/strong>, mencion\u00f3 la presidenta de la comisi\u00f3n de movilidad e infraestructura, Fernanda Huerta.<\/p>\n<p>En entrevista, dijo que sigue analizando su \u00a0implementaci\u00f3n, por lo que una vez que terminen su evaluaci\u00f3n determinar\u00e1n si se aplica o no.<\/p>\n<p>\u201cVamos a hacer un an\u00e1lisis muy profundo, y tambi\u00e9n las empresas tienen que hacer sus estad\u00edsticas y (cu\u00e1ntos les representar\u00eda) regresar la bici p\u00fablica. Ellos deben hacer an\u00e1lisis porque cada ciudad es distinta\u201d.<\/p>\n<p>Entre las firmas que se han acercado se encuentra Cycloshare y dos m\u00e1s de las que no precis\u00f3 el nombre.<\/p>\n<p>\u201cDesde la transici\u00f3n estaban interesados; tenemos un primer acercamiento, ahora no recuerdo pero son como tres empresas nacionales\u201d.<\/p>\n<p>Anunci\u00f3 que van por 3 nuevos kil\u00f3metros de ciclov\u00eda, para el siguiente a\u00f1o.<\/p>\n","protected":false},"excerpt":{"rendered":"<p>Tres empresas nacionales se han acercado al Ayuntamiento de Puebla para operar el sistema de bicicletas p\u00fablicas en la capital, mencion\u00f3 la presidenta de la comisi\u00f3n de movilidad e infraestructura, Fernanda Huerta. En entrevista, dijo que sigue analizando su \u00a0implementaci\u00f3n, por lo que una vez que terminen su evaluaci\u00f3n determinar\u00e1n si se aplica o no. [&hellip;]<\/p>\n","protected":false},"author":9,"featured_media":0,"comment_status":"open","ping_status":"open","sticky":false,"template":"","format":"standard","meta":{"footnotes":""},"categories":[3],"tags":[995,83162,78057,83163],"yst_prominent_words":[30013,34019,30295,32253],"class_list":["post-315802","post","type-post","status-publish","format-standard","hentry","category-puebla","tag-ayuntamiento-de-puebla","tag-bicis-publicas","tag-fernanda-huerta-lopez","tag-tres-empresas-nacionales"],"_links":{"self":[{"href":"https:\/\/sintesis.com.mx\/puebla\/wp-json\/wp\/v2\/posts\/315802"}],"collection":[{"href":"https:\/\/sintesis.com.mx\/puebla\/wp-json\/wp\/v2\/posts"}],"about":[{"href":"https:\/\/sintesis.com.mx\/puebla\/wp-json\/wp\/v2\/types\/post"}],"author":[{"embeddable":true,"href":"https:\/\/sintesis.com.mx\/puebla\/wp-json\/wp\/v2\/users\/9"}],"replies":[{"embeddable":true,"href":"https:\/\/sintesis.com.mx\/puebla\/wp-json\/wp\/v2\/comments?post=315802"}],"version-history":[{"count":0,"href":"https:\/\/sintesis.com.mx\/puebla\/wp-json\/wp\/v2\/posts\/315802\/revisions"}],"wp:attachment":[{"href":"https:\/\/sintesis.com.mx\/puebla\/wp-json\/wp\/v2\/media?parent=315802"}],"wp:term":[{"taxonomy":"category","embeddable":true,"href":"https:\/\/sintesis.com.mx\/puebla\/wp-json\/wp\/v2\/categories?post=315802"},{"taxonomy":"post_tag","embeddable":true,"href":"https:\/\/sintesis.com.mx\/puebla\/wp-json\/wp\/v2\/tags?post=315802"},{"taxonomy":"yst_prominent_words","embeddable":true,"href":"https:\/\/sintesis.com.mx\/puebla\/wp-json\/wp\/v2\/yst_prominent_words?post=315802"}],"curies":[{"name":"wp","href":"https:\/\/api.w.org\/{rel}","templated":true}]}}