{"id":317289,"date":"2022-10-23T14:14:18","date_gmt":"2022-10-23T19:14:18","guid":{"rendered":"https:\/\/sintesis.com.mx\/puebla\/?p=317289"},"modified":"2022-10-23T14:14:18","modified_gmt":"2022-10-23T19:14:18","slug":"abrigo-solidario-sach","status":"publish","type":"post","link":"https:\/\/sintesis.com.mx\/puebla\/2022\/10\/23\/abrigo-solidario-sach\/","title":{"rendered":"Llega Abrigo Solidario a SACH"},"content":{"rendered":"<p>La segunda temporada de Abrigo Solidario llega al municipio de San Andr\u00e9s Cholula, por lo que la presidenta del Sistema DIF en el municipio, Guadalupe Cuautle Torres llam\u00f3 a todos los habitantes de este Pueblo M\u00e1gico a donar frazadas, chamarras y sarapes para hacer entrega de estos a los grupos m\u00e1s vulnerables.<\/p>\n<blockquote class=\"twitter-tweet\">\n<p dir=\"ltr\" lang=\"es\"><a href=\"https:\/\/twitter.com\/hashtag\/Municipios?src=hash&amp;ref_src=twsrc%5Etfw\">#Municipios<\/a>\ud83d\udde3\ufe0f| Llega \u201cAbrigo Solidario\u201d a San Andr\u00e9s Cholula se\u00f1ala titular del DIF <a href=\"https:\/\/twitter.com\/LupitaCuautleT?ref_src=twsrc%5Etfw\">@LupitaCuautleT<\/a><\/p>\n<p>\ud83d\udcf9<a href=\"https:\/\/twitter.com\/reporpue11?ref_src=twsrc%5Etfw\">@reporpue11<\/a> <a href=\"https:\/\/t.co\/Cu0BKQtzNl\">pic.twitter.com\/Cu0BKQtzNl<\/a><\/p>\n<p>\u2014 S\u00edntesis Puebla (@sintesisweb) <a href=\"https:\/\/twitter.com\/sintesisweb\/status\/1584256679876513792?ref_src=twsrc%5Etfw\">October 23, 2022<\/a><\/p><\/blockquote>\n<p><script async src=\"https:\/\/platform.twitter.com\/widgets.js\" charset=\"utf-8\"><\/script>\u00a0Se\u00f1al\u00f3 que, si bien no es necesario que la prenda invernal sea nueva, si debe estar en buenas condiciones y limpia, siendo durante lo que resta del mes donde estar\u00e1n comenzado la recolecci\u00f3n de estas prendas para entregarlas en noviembre, que es cuando se espera un fr\u00edo invierno.<\/p>\n<p>Record\u00f3 que hace un a\u00f1o se logr\u00f3 la recaudaci\u00f3n de 3 mil piezas y en este a\u00f1o esperan romper esa cifra y que sea mayor la recaudaci\u00f3n.<\/p>\n<p><strong>\u00abT\u00f3quense el coraz\u00f3n y apoyen a la gente, es para grupos vulnerables que no tienen un abrigo, muchos de ellos ya est\u00e1n llegando al DIF y otros m\u00e1s ya los tenemos ubicados en las juntas auxiliares\u201d.<\/strong><\/p>\n","protected":false},"excerpt":{"rendered":"<p>La segunda temporada de Abrigo Solidario llega al municipio de San Andr\u00e9s Cholula, por lo que la presidenta del Sistema DIF en el municipio, Guadalupe Cuautle Torres llam\u00f3 a todos los habitantes de este Pueblo M\u00e1gico a donar frazadas, chamarras y sarapes para hacer entrega de estos a los grupos m\u00e1s vulnerables. #Municipios\ud83d\udde3\ufe0f| Llega \u201cAbrigo [&hellip;]<\/p>\n","protected":false},"author":6,"featured_media":0,"comment_status":"open","ping_status":"open","sticky":false,"template":"","format":"standard","meta":{"footnotes":""},"categories":[12,8,9],"tags":[77218,18,59,23,20668,40526],"yst_prominent_words":[31093,31090,30798,32216,30262,39884,29781,39114,29640,31089,31087,39259,34695],"class_list":["post-317289","post","type-post","status-publish","format-standard","hentry","category-cholula","category-hoyesnoticia","category-municipios","tag-abrigo-solidario","tag-puebla","tag-san-andres-cholula","tag-slide","tag-slider","tag-sliderapp"],"_links":{"self":[{"href":"https:\/\/sintesis.com.mx\/puebla\/wp-json\/wp\/v2\/posts\/317289"}],"collection":[{"href":"https:\/\/sintesis.com.mx\/puebla\/wp-json\/wp\/v2\/posts"}],"about":[{"href":"https:\/\/sintesis.com.mx\/puebla\/wp-json\/wp\/v2\/types\/post"}],"author":[{"embeddable":true,"href":"https:\/\/sintesis.com.mx\/puebla\/wp-json\/wp\/v2\/users\/6"}],"replies":[{"embeddable":true,"href":"https:\/\/sintesis.com.mx\/puebla\/wp-json\/wp\/v2\/comments?post=317289"}],"version-history":[{"count":0,"href":"https:\/\/sintesis.com.mx\/puebla\/wp-json\/wp\/v2\/posts\/317289\/revisions"}],"wp:attachment":[{"href":"https:\/\/sintesis.com.mx\/puebla\/wp-json\/wp\/v2\/media?parent=317289"}],"wp:term":[{"taxonomy":"category","embeddable":true,"href":"https:\/\/sintesis.com.mx\/puebla\/wp-json\/wp\/v2\/categories?post=317289"},{"taxonomy":"post_tag","embeddable":true,"href":"https:\/\/sintesis.com.mx\/puebla\/wp-json\/wp\/v2\/tags?post=317289"},{"taxonomy":"yst_prominent_words","embeddable":true,"href":"https:\/\/sintesis.com.mx\/puebla\/wp-json\/wp\/v2\/yst_prominent_words?post=317289"}],"curies":[{"name":"wp","href":"https:\/\/api.w.org\/{rel}","templated":true}]}}