{"id":321118,"date":"2022-11-14T16:26:28","date_gmt":"2022-11-14T22:26:28","guid":{"rendered":"https:\/\/sintesis.com.mx\/puebla\/?p=321118"},"modified":"2022-11-14T16:26:28","modified_gmt":"2022-11-14T22:26:28","slug":"izucar-de-matamoros","status":"publish","type":"post","link":"https:\/\/sintesis.com.mx\/puebla\/2022\/11\/14\/izucar-de-matamoros\/","title":{"rendered":"Iz\u00facar de Matamoros llevar\u00e1 a cabo IV Festival Cultural Nacional del \u00c1rbol de la Vida"},"content":{"rendered":"<p><strong>La presidenta municipal de Iz\u00facar de Matamoros, Irene Olea, inform\u00f3 que del 18 al 20 de noviembre se llevar\u00e1 a cabo el IV Festival Cultural Nacional del \u00c1rbol de la Vida.<\/strong><\/p>\n<blockquote class=\"twitter-tweet\">\n<p dir=\"ltr\" lang=\"es\">\ud83c\udf84l Del 18 al 20 de noviembre en <a href=\"https:\/\/twitter.com\/hashtag\/Iz%C3%BAcardeMatamoros?src=hash&amp;ref_src=twsrc%5Etfw\">#Iz\u00facardeMatamoros<\/a> se llevar\u00e1 el cabo IV Festival Cultural Nacional del \u00c1rbol de la Vida de Barro Policromado, as\u00ed lo inform\u00f3 la presidenta municipal Irene Olea, qui\u00e9n dijo que preven una derrama de un mill\u00f3n de pesos.<\/p>\n<p>\ud83d\udcf9 <a href=\"https:\/\/twitter.com\/Solmisara?ref_src=twsrc%5Etfw\">@Solmisara<\/a> <a href=\"https:\/\/t.co\/0Y4CX1hOlS\">pic.twitter.com\/0Y4CX1hOlS<\/a><\/p>\n<p>\u2014 S\u00edntesis Puebla (@sintesisweb) <a href=\"https:\/\/twitter.com\/sintesisweb\/status\/1592216652959125505?ref_src=twsrc%5Etfw\">November 14, 2022<\/a><\/p><\/blockquote>\n<p><script async src=\"https:\/\/platform.twitter.com\/widgets.js\" charset=\"utf-8\"><\/script><br \/>\nEn conferencia de prensa destac\u00f3 que tienen <strong>18 diversos talleres con los que cuentan para la elaboraci\u00f3n de diversas artesan\u00edas<\/strong>.<\/p>\n<p>Por lo que invit\u00f3 a la poblaci\u00f3n a acudir a esta demarcaci\u00f3n que ofrece diversos atractivos tur\u00edsticos.<\/p>\n<p>\u00abTenemos diversos atractivos c\u00f3mo una ex hacienda, as\u00ed como espacios culturales y la conversi\u00f3n de otros espacios que ser\u00e1n sitios cultura\u00bb, indic\u00f3.<\/p>\n\n<p>&nbsp;<\/p>\n","protected":false},"excerpt":{"rendered":"<p>La presidenta municipal de Iz\u00facar de Matamoros, Irene Olea, inform\u00f3 que del 18 al 20 de noviembre se llevar\u00e1 a cabo el IV Festival Cultural Nacional del \u00c1rbol de la Vida. \ud83c\udf84l Del 18 al 20 de noviembre en #Iz\u00facardeMatamoros se llevar\u00e1 el cabo IV Festival Cultural Nacional del \u00c1rbol de la Vida de Barro [&hellip;]<\/p>\n","protected":false},"author":26,"featured_media":0,"comment_status":"open","ping_status":"open","sticky":false,"template":"","format":"standard","meta":{"footnotes":""},"categories":[5],"tags":[984,18,23,20668,40526],"yst_prominent_words":[30067,31541,51914,30780,30361,30866],"class_list":["post-321118","post","type-post","status-publish","format-standard","hentry","category-cultura","tag-izucar-de-matamoros","tag-puebla","tag-slide","tag-slider","tag-sliderapp"],"_links":{"self":[{"href":"https:\/\/sintesis.com.mx\/puebla\/wp-json\/wp\/v2\/posts\/321118"}],"collection":[{"href":"https:\/\/sintesis.com.mx\/puebla\/wp-json\/wp\/v2\/posts"}],"about":[{"href":"https:\/\/sintesis.com.mx\/puebla\/wp-json\/wp\/v2\/types\/post"}],"author":[{"embeddable":true,"href":"https:\/\/sintesis.com.mx\/puebla\/wp-json\/wp\/v2\/users\/26"}],"replies":[{"embeddable":true,"href":"https:\/\/sintesis.com.mx\/puebla\/wp-json\/wp\/v2\/comments?post=321118"}],"version-history":[{"count":0,"href":"https:\/\/sintesis.com.mx\/puebla\/wp-json\/wp\/v2\/posts\/321118\/revisions"}],"wp:attachment":[{"href":"https:\/\/sintesis.com.mx\/puebla\/wp-json\/wp\/v2\/media?parent=321118"}],"wp:term":[{"taxonomy":"category","embeddable":true,"href":"https:\/\/sintesis.com.mx\/puebla\/wp-json\/wp\/v2\/categories?post=321118"},{"taxonomy":"post_tag","embeddable":true,"href":"https:\/\/sintesis.com.mx\/puebla\/wp-json\/wp\/v2\/tags?post=321118"},{"taxonomy":"yst_prominent_words","embeddable":true,"href":"https:\/\/sintesis.com.mx\/puebla\/wp-json\/wp\/v2\/yst_prominent_words?post=321118"}],"curies":[{"name":"wp","href":"https:\/\/api.w.org\/{rel}","templated":true}]}}