{"id":321137,"date":"2022-11-14T19:11:30","date_gmt":"2022-11-15T01:11:30","guid":{"rendered":"https:\/\/sintesis.com.mx\/puebla\/?p=321137"},"modified":"2022-11-14T19:11:30","modified_gmt":"2022-11-15T01:11:30","slug":"maraton-de-puebla","status":"publish","type":"post","link":"https:\/\/sintesis.com.mx\/puebla\/2022\/11\/14\/maraton-de-puebla\/","title":{"rendered":"Marat\u00f3n de Puebla ser\u00e1 el 4 de diciembre"},"content":{"rendered":"<p><strong>El Instituto Poblano del Deporte (INPODE) informa que el \u201cMarat\u00f3n Puebla 2022\u201d ser\u00e1 realizado el domingo 04 de diciembre de 2022.<\/strong><\/p>\n<p>Adem\u00e1s, precisa que las inscripciones para las distancias de 5, 10, 21 y 42.195 kil\u00f3metros estar\u00e1n abiertas hasta el mi\u00e9rcoles 30 de noviembre, tanto en el sitio web www.inpode.mx como en tiendas Mart\u00ed.<\/p>\n<p>El INPODE agradece al comit\u00e9 organizador, involucrados, patrocinadores y participantes por confiar e impulsar el deporte social y de alto rendimiento<\/p>\n","protected":false},"excerpt":{"rendered":"<p>El Instituto Poblano del Deporte (INPODE) informa que el \u201cMarat\u00f3n Puebla 2022\u201d ser\u00e1 realizado el domingo 04 de diciembre de 2022. Adem\u00e1s, precisa que las inscripciones para las distancias de 5, 10, 21 y 42.195 kil\u00f3metros estar\u00e1n abiertas hasta el mi\u00e9rcoles 30 de noviembre, tanto en el sitio web www.inpode.mx como en tiendas Mart\u00ed. El [&hellip;]<\/p>\n","protected":false},"author":6,"featured_media":0,"comment_status":"open","ping_status":"open","sticky":false,"template":"","format":"standard","meta":{"footnotes":""},"categories":[4],"tags":[2465,6630,18],"yst_prominent_words":[42527,30025,33759],"class_list":["post-321137","post","type-post","status-publish","format-standard","hentry","category-deportes","tag-inpode","tag-maraton-de-puebla","tag-puebla"],"_links":{"self":[{"href":"https:\/\/sintesis.com.mx\/puebla\/wp-json\/wp\/v2\/posts\/321137"}],"collection":[{"href":"https:\/\/sintesis.com.mx\/puebla\/wp-json\/wp\/v2\/posts"}],"about":[{"href":"https:\/\/sintesis.com.mx\/puebla\/wp-json\/wp\/v2\/types\/post"}],"author":[{"embeddable":true,"href":"https:\/\/sintesis.com.mx\/puebla\/wp-json\/wp\/v2\/users\/6"}],"replies":[{"embeddable":true,"href":"https:\/\/sintesis.com.mx\/puebla\/wp-json\/wp\/v2\/comments?post=321137"}],"version-history":[{"count":0,"href":"https:\/\/sintesis.com.mx\/puebla\/wp-json\/wp\/v2\/posts\/321137\/revisions"}],"wp:attachment":[{"href":"https:\/\/sintesis.com.mx\/puebla\/wp-json\/wp\/v2\/media?parent=321137"}],"wp:term":[{"taxonomy":"category","embeddable":true,"href":"https:\/\/sintesis.com.mx\/puebla\/wp-json\/wp\/v2\/categories?post=321137"},{"taxonomy":"post_tag","embeddable":true,"href":"https:\/\/sintesis.com.mx\/puebla\/wp-json\/wp\/v2\/tags?post=321137"},{"taxonomy":"yst_prominent_words","embeddable":true,"href":"https:\/\/sintesis.com.mx\/puebla\/wp-json\/wp\/v2\/yst_prominent_words?post=321137"}],"curies":[{"name":"wp","href":"https:\/\/api.w.org\/{rel}","templated":true}]}}