{"id":323182,"date":"2022-11-22T15:16:12","date_gmt":"2022-11-22T21:16:12","guid":{"rendered":"https:\/\/sintesis.com.mx\/puebla\/?p=323182"},"modified":"2022-11-24T15:24:39","modified_gmt":"2022-11-24T21:24:39","slug":"parlamento-lgbtttiq-puebla","status":"publish","type":"post","link":"https:\/\/sintesis.com.mx\/puebla\/2022\/11\/22\/parlamento-lgbtttiq-puebla\/","title":{"rendered":"Realizan Parlamento LGBTTTIQ+ en el Congreso del Estado"},"content":{"rendered":"<p>Durante la inauguraci\u00f3n del Parlamento LGBTTTIQ+ en el Congreso del Estado, el presidente de la Junta de Gobierno y Coordinaci\u00f3n Pol\u00edtica, Sergio Salom\u00f3n C\u00e9spedes Peregrina expuso que una de las principales causas de la LXI Legislatura es cerrar las brechas de desigualdad y garantizar los derechos humanos.<\/p>\n<p><strong>En su mensaje, el diputado resalt\u00f3 que la actual Legislatura trabaja para regresar la dignidad a todas las personas, por ello se\u00f1al\u00f3 que escuchar\u00e1 las propuestas generadas el 22 y 23 de noviembre en el Parlamento LGBTTTIQ+.<\/strong><\/p>\n<p>\u201cPara m\u00ed es muy importante reiterarles, por supuesto a t\u00edtulo personal, mi respeto y mi respaldo, entendiendo que todos somos iguales y no tiene por qu\u00e9 haber ning\u00fan tipo de diferencia y que cuando se habla de derechos humanos y se trata de hacerlo desde ac\u00e1, desde el Congreso, tenemos que ser nosotros los primeros en tener la apertura para que los derechos sean universales\u201d, indic\u00f3.<\/p>\n<p>Por otra parte, el diputado Roberto Sol\u00eds Valles destac\u00f3 la importancia de la empat\u00eda para evitar la discriminaci\u00f3n. Asimismo, enfatiz\u00f3 que en las Legislaturas progresistas se ha avanzado en temas como el matrimonio igualitario e identidad de g\u00e9nero auto percibida, pero no es suficiente; ahora es necesario escuchar a la comunidad, tener empat\u00eda y representar a todos los grupos.<\/p>\n<p>\u201cLos derechos humanos no tienen ni edad ni g\u00e9nero, se tienen que seguir apoyando, se tienen que seguir impulsando y, sin duda, estos dos d\u00edas van a ser muy importantes con excelentes ejercicios que seguramente van a dejar cosas tangibles que se puedan llevar dentro de esta LXI Legislatura a Tribuna\u201d, manifest\u00f3.<\/p>\n<p><strong>A nombre de los participantes, el representante de la comunidad LGBTTTIQ+, Alberto Camacho agradeci\u00f3 el respaldo de los legisladores, mencion\u00f3 que Puebla cuenta con un gobierno incluyente y en los dos d\u00edas de actividades se trabajar\u00e1 en iniciativas.<\/strong><\/p>\n<p>En la inauguraci\u00f3n del Parlamento LGBTTTIQ+ estuvieron presentes Agust\u00edn Guerrero Castillo, secretario general del Comit\u00e9 Ejecutivo Estatal de Morena en Puebla, y Alfonso Berm\u00fadez Ruiz, representante de Morena ante el Instituto Electoral del Estado.<\/p>\n\n","protected":false},"excerpt":{"rendered":"<p>Durante la inauguraci\u00f3n del Parlamento LGBTTTIQ+ en el Congreso del Estado, el presidente de la Junta de Gobierno y Coordinaci\u00f3n Pol\u00edtica, Sergio Salom\u00f3n C\u00e9spedes Peregrina expuso que una de las principales causas de la LXI Legislatura es cerrar las brechas de desigualdad y garantizar los derechos humanos. En su mensaje, el diputado resalt\u00f3 que la [&hellip;]<\/p>\n","protected":false},"author":26,"featured_media":0,"comment_status":"open","ping_status":"open","sticky":false,"template":"","format":"standard","meta":{"footnotes":""},"categories":[3],"tags":[41,27,8254,18],"yst_prominent_words":[32350,29787,31121,29656,30409,62577,29668,29786,31026,32623,46331,44412,34736,32799,32966],"class_list":["post-323182","post","type-post","status-publish","format-standard","hentry","category-puebla","tag-es-noticia","tag-hoyesnoticia","tag-hoyesnoticiaapp","tag-puebla"],"_links":{"self":[{"href":"https:\/\/sintesis.com.mx\/puebla\/wp-json\/wp\/v2\/posts\/323182"}],"collection":[{"href":"https:\/\/sintesis.com.mx\/puebla\/wp-json\/wp\/v2\/posts"}],"about":[{"href":"https:\/\/sintesis.com.mx\/puebla\/wp-json\/wp\/v2\/types\/post"}],"author":[{"embeddable":true,"href":"https:\/\/sintesis.com.mx\/puebla\/wp-json\/wp\/v2\/users\/26"}],"replies":[{"embeddable":true,"href":"https:\/\/sintesis.com.mx\/puebla\/wp-json\/wp\/v2\/comments?post=323182"}],"version-history":[{"count":0,"href":"https:\/\/sintesis.com.mx\/puebla\/wp-json\/wp\/v2\/posts\/323182\/revisions"}],"wp:attachment":[{"href":"https:\/\/sintesis.com.mx\/puebla\/wp-json\/wp\/v2\/media?parent=323182"}],"wp:term":[{"taxonomy":"category","embeddable":true,"href":"https:\/\/sintesis.com.mx\/puebla\/wp-json\/wp\/v2\/categories?post=323182"},{"taxonomy":"post_tag","embeddable":true,"href":"https:\/\/sintesis.com.mx\/puebla\/wp-json\/wp\/v2\/tags?post=323182"},{"taxonomy":"yst_prominent_words","embeddable":true,"href":"https:\/\/sintesis.com.mx\/puebla\/wp-json\/wp\/v2\/yst_prominent_words?post=323182"}],"curies":[{"name":"wp","href":"https:\/\/api.w.org\/{rel}","templated":true}]}}