{"id":323929,"date":"2022-11-20T14:55:15","date_gmt":"2022-11-20T20:55:15","guid":{"rendered":"https:\/\/sintesis.com.mx\/puebla\/?p=323929"},"modified":"2022-11-28T14:58:52","modified_gmt":"2022-11-28T20:58:52","slug":"detenidos-posesion-drogas","status":"publish","type":"post","link":"https:\/\/sintesis.com.mx\/puebla\/2022\/11\/20\/detenidos-posesion-drogas\/","title":{"rendered":"Ocho personas detenidas en cateo en Atlixco por posesi\u00f3n de drogas"},"content":{"rendered":"<p><strong>Ocho personas detenidas en cateo en Atlixco por posesi\u00f3n de drogas<\/strong><\/p>\n<p>En el municipio de Atlixco la Fiscal\u00eda General del Estado de Puebla logr\u00f3 el aseguramiento de ocho personas presuntas responsables de delitos contra la salud en su modalidad de narcomenudeo con fines de suministro.<\/p>\n<p>Agentes investigadores cumplimentaron una orden de cateo el 8 de noviembre de 2022 en un inmueble de la colonia Prado Sur donde presuntamente se realizaban actos de compra venta de estupefacientes.<\/p>\n<p><img loading=\"lazy\" decoding=\"async\" class=\" jch-lazyloaded\" src=\"https:\/\/fiscalia.puebla.gob.mx\/images\/VaP_-_Prados_sur_Atlixco-01.jpg\" alt=\"VaP Prados sur Atlixco 01\" width=\"623\" height=\"327\" data-src=\"\/images\/VaP_-_Prados_sur_Atlixco-01.jpg\" \/><\/p>\n<p>Dentro del domicilio los elementos detuvieron a: Arturo Guillermo N., Jos\u00e9 Eduardo N., Federico N., Jos\u00e9 Miguel N., Diego Rafael N., Juli\u00e1n N., Jos\u00e9 Manuel N. y Diana Sarahi N.<\/p>\n<p>Tambi\u00e9n en el desahogo de las diligencias el personal de la Fiscal\u00eda de Puebla asegur\u00f3: 50 dosis de polvo granulado de posible cristal, cuatro bolsas con hierba verde de caracter\u00edsticas similares a la marihuana, seis cartuchos \u00fatiles, dinero en efectivo y tel\u00e9fonos celulares.<\/p>\n<p>Tras recabar indicios y presentarlos ante el Juez de Control, el Agente del Ministerio P\u00fablico obtuvo la vinculaci\u00f3n a proceso de las ocho personas imputadas a quienes se les impuso la medida cautelar de prisi\u00f3n preventiva necesaria.<\/p>\n<p><img loading=\"lazy\" decoding=\"async\" class=\" jch-lazyloaded\" src=\"https:\/\/fiscalia.puebla.gob.mx\/images\/VaP_-_Prados_sur_Atlixco-02.jpg\" alt=\"VaP Prados sur Atlixco 02\" width=\"590\" height=\"351\" data-src=\"\/images\/VaP_-_Prados_sur_Atlixco-02.jpg\" \/><\/p>\n","protected":false},"excerpt":{"rendered":"<p>Ocho personas detenidas en cateo en Atlixco por posesi\u00f3n de drogas En el municipio de Atlixco la Fiscal\u00eda General del Estado de Puebla logr\u00f3 el aseguramiento de ocho personas presuntas responsables de delitos contra la salud en su modalidad de narcomenudeo con fines de suministro. Agentes investigadores cumplimentaron una orden de cateo el 8 de [&hellip;]<\/p>\n","protected":false},"author":26,"featured_media":0,"comment_status":"open","ping_status":"open","sticky":false,"template":"","format":"standard","meta":{"footnotes":""},"categories":[82762],"tags":[70,3157,491,5659],"yst_prominent_words":[30776,30933,29650,29562],"class_list":["post-323929","post","type-post","status-publish","format-standard","hentry","category-seguridad","tag-atlixco","tag-cateo","tag-fge","tag-fiscalia"],"_links":{"self":[{"href":"https:\/\/sintesis.com.mx\/puebla\/wp-json\/wp\/v2\/posts\/323929"}],"collection":[{"href":"https:\/\/sintesis.com.mx\/puebla\/wp-json\/wp\/v2\/posts"}],"about":[{"href":"https:\/\/sintesis.com.mx\/puebla\/wp-json\/wp\/v2\/types\/post"}],"author":[{"embeddable":true,"href":"https:\/\/sintesis.com.mx\/puebla\/wp-json\/wp\/v2\/users\/26"}],"replies":[{"embeddable":true,"href":"https:\/\/sintesis.com.mx\/puebla\/wp-json\/wp\/v2\/comments?post=323929"}],"version-history":[{"count":0,"href":"https:\/\/sintesis.com.mx\/puebla\/wp-json\/wp\/v2\/posts\/323929\/revisions"}],"wp:attachment":[{"href":"https:\/\/sintesis.com.mx\/puebla\/wp-json\/wp\/v2\/media?parent=323929"}],"wp:term":[{"taxonomy":"category","embeddable":true,"href":"https:\/\/sintesis.com.mx\/puebla\/wp-json\/wp\/v2\/categories?post=323929"},{"taxonomy":"post_tag","embeddable":true,"href":"https:\/\/sintesis.com.mx\/puebla\/wp-json\/wp\/v2\/tags?post=323929"},{"taxonomy":"yst_prominent_words","embeddable":true,"href":"https:\/\/sintesis.com.mx\/puebla\/wp-json\/wp\/v2\/yst_prominent_words?post=323929"}],"curies":[{"name":"wp","href":"https:\/\/api.w.org\/{rel}","templated":true}]}}