{"id":323957,"date":"2022-11-28T15:55:26","date_gmt":"2022-11-28T21:55:26","guid":{"rendered":"https:\/\/sintesis.com.mx\/puebla\/?p=323957"},"modified":"2022-11-28T15:55:26","modified_gmt":"2022-11-28T21:55:26","slug":"morena-si-usara","status":"publish","type":"post","link":"https:\/\/sintesis.com.mx\/puebla\/2022\/11\/28\/morena-si-usara\/","title":{"rendered":"Morena s\u00ed usar\u00e1 parte de la 3 poniente para evento"},"content":{"rendered":"<p><strong>El Ayuntamiento de Puebla<\/strong> s\u00ed analiza permitir la instalaci\u00f3n de un templete en la 3 poniente para la marcha que encabezar\u00e1 el gobernador Luis Miguel Barbosa Huerta este domingo 4 de diciembre.<\/p>\n<p>Alrededor de la 9:00 horas de este d\u00eda, trabajadores llegaron al lugar y comenzaron a instalar las bases, momentos despu\u00e9s lleg\u00f3 el Secretario de Gobernaci\u00f3n Jorge Cruz Lepe para informarles que no hab\u00eda autorizaci\u00f3n, por lo que optaron por irse.<\/p>\n<p>En entrevista, dijo que sab\u00edan que hab\u00edan pedido permiso pero \u00e9ste no se les hab\u00eda dado,\u00a0 pero adem\u00e1s se empataba con los eventos que organiza el Ayuntamiento de Puebla con motivo de las fiestas decembrinas.<\/p>\n<p>Ya por las 13:00 horas, el propio Cruz Lepe dijo que solo recib\u00eda \u00f3rdenes y muy posiblemente se les permitir\u00e1 la instalaci\u00f3n del presidium.<\/p>\n<p>Sobre ello, precis\u00f3 que la Gerencia del Centro Hist\u00f3rico debe evaluar el caso pero consider\u00f3 que podr\u00edan usar una parte de la 3 poniente, a un costado de La Catedral y el z\u00f3calo de Puebla.<\/p>\n<p>No depende de mi pero estamos en coordinaci\u00f3n con el gobierno del estado buscando alternativas. Ellos tienen su evento, nosotros tenemos nuestros eventos y con toda la disposici\u00f3n del mundo vamos a ver la forma para que los dos eventos se puedan llevar a cabo. La decisi\u00f3n final la est\u00e1n analizando, eso lo est\u00e1 checando la Gerencia del Centro Hist\u00f3rico, yo recibo instrucciones nada m\u00e1s\u00bb.<\/p>\n<p>Finalmente, acentu\u00f3 que hay coordinaci\u00f3n y seguramente llegar\u00e1n a un buen acuerdo el gobierno del estado con el Ayuntamiento de Puebla.<br \/>\n<!--\/data\/user\/0\/com.samsung.android.app.notes\/files\/clipdata\/clipdata_bodytext_221128_154452_861.sdocx--><\/p>\n","protected":false},"excerpt":{"rendered":"<p>El Ayuntamiento de Puebla s\u00ed analiza permitir la instalaci\u00f3n de un templete en la 3 poniente para la marcha que encabezar\u00e1 el gobernador Luis Miguel Barbosa Huerta este domingo 4 de diciembre. Alrededor de la 9:00 horas de este d\u00eda, trabajadores llegaron al lugar y comenzaron a instalar las bases, momentos despu\u00e9s lleg\u00f3 el Secretario [&hellip;]<\/p>\n","protected":false},"author":9,"featured_media":0,"comment_status":"open","ping_status":"open","sticky":false,"template":"","format":"standard","meta":{"footnotes":""},"categories":[83121,3],"tags":[995,27,8254,76416,5873,83588,332,8753,18,23,8253,83757,4614],"yst_prominent_words":[54791,29819,30540,29724,30257,32625,31403,31619,30008,45352,45350,29786,30264,31514,34583,29562],"class_list":["post-323957","post","type-post","status-publish","format-standard","hentry","category-ayuntamiento","category-puebla","tag-ayuntamiento-de-puebla","tag-hoyesnoticia","tag-hoyesnoticiaapp","tag-jorge-cruz-lepe","tag-luis-miguel-barbosa-huerta","tag-marcha-4t","tag-morena","tag-paseo-bravo","tag-puebla","tag-slide","tag-slideapp","tag-templete","tag-zocalo-de-puebla"],"_links":{"self":[{"href":"https:\/\/sintesis.com.mx\/puebla\/wp-json\/wp\/v2\/posts\/323957"}],"collection":[{"href":"https:\/\/sintesis.com.mx\/puebla\/wp-json\/wp\/v2\/posts"}],"about":[{"href":"https:\/\/sintesis.com.mx\/puebla\/wp-json\/wp\/v2\/types\/post"}],"author":[{"embeddable":true,"href":"https:\/\/sintesis.com.mx\/puebla\/wp-json\/wp\/v2\/users\/9"}],"replies":[{"embeddable":true,"href":"https:\/\/sintesis.com.mx\/puebla\/wp-json\/wp\/v2\/comments?post=323957"}],"version-history":[{"count":0,"href":"https:\/\/sintesis.com.mx\/puebla\/wp-json\/wp\/v2\/posts\/323957\/revisions"}],"wp:attachment":[{"href":"https:\/\/sintesis.com.mx\/puebla\/wp-json\/wp\/v2\/media?parent=323957"}],"wp:term":[{"taxonomy":"category","embeddable":true,"href":"https:\/\/sintesis.com.mx\/puebla\/wp-json\/wp\/v2\/categories?post=323957"},{"taxonomy":"post_tag","embeddable":true,"href":"https:\/\/sintesis.com.mx\/puebla\/wp-json\/wp\/v2\/tags?post=323957"},{"taxonomy":"yst_prominent_words","embeddable":true,"href":"https:\/\/sintesis.com.mx\/puebla\/wp-json\/wp\/v2\/yst_prominent_words?post=323957"}],"curies":[{"name":"wp","href":"https:\/\/api.w.org\/{rel}","templated":true}]}}