{"id":331160,"date":"2023-01-22T12:43:28","date_gmt":"2023-01-22T18:43:28","guid":{"rendered":"https:\/\/sintesis.com.mx\/puebla\/?p=331160"},"modified":"2023-01-22T12:43:28","modified_gmt":"2023-01-22T18:43:28","slug":"grupos-de-hombres-en-puebla","status":"publish","type":"post","link":"https:\/\/sintesis.com.mx\/puebla\/2023\/01\/22\/grupos-de-hombres-en-puebla\/","title":{"rendered":"Grupos de hombres en Puebla realizan rosarios en Puebla"},"content":{"rendered":"<p>La Arquidi\u00f3cesis de Puebla inform\u00f3 que se formaron grupos de hombres para realizar rosarios.<\/p>\n<p>Por primera vez en Puebla se formaron este tipo de grupos que buscan la paz en la entidad poblana.<\/p>\n<p>En este mismo sentido este grupo de varones efect\u00faan oraci\u00f3n por qu\u00e9 a es termine la violencia.<\/p>\n<p>La Arquidi\u00f3cesis de Puebla di\u00f3 a conocer que es positivo la conformaci\u00f3n de este tipo de grupos para la entidad.<\/p>\n","protected":false},"excerpt":{"rendered":"<p>La Arquidi\u00f3cesis de Puebla inform\u00f3 que se formaron grupos de hombres para realizar rosarios. Por primera vez en Puebla se formaron este tipo de grupos que buscan la paz en la entidad poblana. En este mismo sentido este grupo de varones efect\u00faan oraci\u00f3n por qu\u00e9 a es termine la violencia. La Arquidi\u00f3cesis de Puebla di\u00f3 [&hellip;]<\/p>\n","protected":false},"author":26,"featured_media":331187,"comment_status":"open","ping_status":"open","sticky":false,"template":"","format":"standard","meta":{"footnotes":""},"categories":[11],"tags":[5557,41,84321,27,18,72285],"yst_prominent_words":[33402,33391,31750,30262,29562,31610],"class_list":["post-331160","post","type-post","status-publish","format-standard","has-post-thumbnail","hentry","category-slide","tag-arquidiocesis","tag-es-noticia","tag-hobres","tag-hoyesnoticia","tag-puebla","tag-rosario"],"_links":{"self":[{"href":"https:\/\/sintesis.com.mx\/puebla\/wp-json\/wp\/v2\/posts\/331160"}],"collection":[{"href":"https:\/\/sintesis.com.mx\/puebla\/wp-json\/wp\/v2\/posts"}],"about":[{"href":"https:\/\/sintesis.com.mx\/puebla\/wp-json\/wp\/v2\/types\/post"}],"author":[{"embeddable":true,"href":"https:\/\/sintesis.com.mx\/puebla\/wp-json\/wp\/v2\/users\/26"}],"replies":[{"embeddable":true,"href":"https:\/\/sintesis.com.mx\/puebla\/wp-json\/wp\/v2\/comments?post=331160"}],"version-history":[{"count":0,"href":"https:\/\/sintesis.com.mx\/puebla\/wp-json\/wp\/v2\/posts\/331160\/revisions"}],"wp:featuredmedia":[{"embeddable":true,"href":"https:\/\/sintesis.com.mx\/puebla\/wp-json\/wp\/v2\/media\/331187"}],"wp:attachment":[{"href":"https:\/\/sintesis.com.mx\/puebla\/wp-json\/wp\/v2\/media?parent=331160"}],"wp:term":[{"taxonomy":"category","embeddable":true,"href":"https:\/\/sintesis.com.mx\/puebla\/wp-json\/wp\/v2\/categories?post=331160"},{"taxonomy":"post_tag","embeddable":true,"href":"https:\/\/sintesis.com.mx\/puebla\/wp-json\/wp\/v2\/tags?post=331160"},{"taxonomy":"yst_prominent_words","embeddable":true,"href":"https:\/\/sintesis.com.mx\/puebla\/wp-json\/wp\/v2\/yst_prominent_words?post=331160"}],"curies":[{"name":"wp","href":"https:\/\/api.w.org\/{rel}","templated":true}]}}