{"id":332476,"date":"2023-01-30T08:51:06","date_gmt":"2023-01-30T14:51:06","guid":{"rendered":"https:\/\/sintesis.com.mx\/puebla\/?p=332476"},"modified":"2023-01-30T08:51:06","modified_gmt":"2023-01-30T14:51:06","slug":"en-puebla-se-han-registrado","status":"publish","type":"post","link":"https:\/\/sintesis.com.mx\/puebla\/2023\/01\/30\/en-puebla-se-han-registrado\/","title":{"rendered":"En Puebla se han registrado 68 casos de viruela s\u00edmica"},"content":{"rendered":"<p>El secretario de Salud del gobierno estatal, <strong>Jos\u00e9 Antonio Mart\u00ednez Garc\u00eda<\/strong>, report\u00f3 que en Puebla se han registrado 68 casos de viruela s\u00edmica, de los cu\u00e1les cuatro personas se encuentran hospitalizadas.<\/p>\n<p>Asimismo dijo que\u00a0 est\u00e1n pendientes de este tipo de casos y han atendido en tiempo y forma el tema.<\/p>\n<p>Ademas de que\u00a0 el titular de la dependencia, inform\u00f3 que en las \u00faltimas 72\u00a0 horas en Puebla se detectaron 457 y tienen 1908 casos activos de covid-19.<\/p>\n<p><strong>\u00abHay 39 pacientes hospitalizados y no hay defunciones\u00bb<\/strong>, precis\u00f3.<\/p>\n<p>El funcionario ciento que ya hubo una desaceleraci\u00f3n de casos y refiri\u00f3 que a partir de esta semana habr\u00e1 una disminuci\u00f3n de los casos.<\/p>\n<p><strong>Jos\u00e9 Antonio Mart\u00ednez Garc\u00eda<\/strong> coment\u00f3 que no hay que confiarse, debido a que continuar\u00e1n las bajas temperaturas.<\/p>\n<p>Puntualiz\u00f3 que mantendr\u00e1n las campa\u00f1as de vacunaci\u00f3n contra covid-19.<\/p>\n","protected":false},"excerpt":{"rendered":"<p>El secretario de Salud del gobierno estatal, Jos\u00e9 Antonio Mart\u00ednez Garc\u00eda, report\u00f3 que en Puebla se han registrado 68 casos de viruela s\u00edmica, de los cu\u00e1les cuatro personas se encuentran hospitalizadas. Asimismo dijo que\u00a0 est\u00e1n pendientes de este tipo de casos y han atendido en tiempo y forma el tema. Ademas de que\u00a0 el titular [&hellip;]<\/p>\n","protected":false},"author":26,"featured_media":0,"comment_status":"open","ping_status":"open","sticky":false,"template":"","format":"standard","meta":{"footnotes":""},"categories":[72262,8,3,11],"tags":[41,27,8254,23,20668,40526,81150],"yst_prominent_words":[33146,43295,52571,35403,29810,29650,33845,43291,52567,29852,44886,29562],"class_list":["post-332476","post","type-post","status-publish","format-standard","hentry","category-gobierno","category-hoyesnoticia","category-puebla","category-slide","tag-es-noticia","tag-hoyesnoticia","tag-hoyesnoticiaapp","tag-slide","tag-slider","tag-sliderapp","tag-viruela-simica"],"_links":{"self":[{"href":"https:\/\/sintesis.com.mx\/puebla\/wp-json\/wp\/v2\/posts\/332476"}],"collection":[{"href":"https:\/\/sintesis.com.mx\/puebla\/wp-json\/wp\/v2\/posts"}],"about":[{"href":"https:\/\/sintesis.com.mx\/puebla\/wp-json\/wp\/v2\/types\/post"}],"author":[{"embeddable":true,"href":"https:\/\/sintesis.com.mx\/puebla\/wp-json\/wp\/v2\/users\/26"}],"replies":[{"embeddable":true,"href":"https:\/\/sintesis.com.mx\/puebla\/wp-json\/wp\/v2\/comments?post=332476"}],"version-history":[{"count":0,"href":"https:\/\/sintesis.com.mx\/puebla\/wp-json\/wp\/v2\/posts\/332476\/revisions"}],"wp:attachment":[{"href":"https:\/\/sintesis.com.mx\/puebla\/wp-json\/wp\/v2\/media?parent=332476"}],"wp:term":[{"taxonomy":"category","embeddable":true,"href":"https:\/\/sintesis.com.mx\/puebla\/wp-json\/wp\/v2\/categories?post=332476"},{"taxonomy":"post_tag","embeddable":true,"href":"https:\/\/sintesis.com.mx\/puebla\/wp-json\/wp\/v2\/tags?post=332476"},{"taxonomy":"yst_prominent_words","embeddable":true,"href":"https:\/\/sintesis.com.mx\/puebla\/wp-json\/wp\/v2\/yst_prominent_words?post=332476"}],"curies":[{"name":"wp","href":"https:\/\/api.w.org\/{rel}","templated":true}]}}