{"id":332785,"date":"2023-01-31T10:59:42","date_gmt":"2023-01-31T16:59:42","guid":{"rendered":"https:\/\/sintesis.com.mx\/puebla\/?p=332785"},"modified":"2023-01-31T10:59:42","modified_gmt":"2023-01-31T16:59:42","slug":"mantenimiento-ciclovias-pasos","status":"publish","type":"post","link":"https:\/\/sintesis.com.mx\/puebla\/2023\/01\/31\/mantenimiento-ciclovias-pasos\/","title":{"rendered":"En marzo iniciar\u00e1 mantenimiento de ciclov\u00edas, pasos peatonales y cruces seguros"},"content":{"rendered":"<p>Mantenimiento y colocaci\u00f3n de nuevas ciclov\u00edas adem\u00e1s de pasos peatonales y cruces en la ciudad de Puebla iniciar\u00e1n en marzo con una inversi\u00f3n de 30 millones de pesos, <strong>anunci\u00f3 el titular de la Secretar\u00eda de Movilidad e Infraestructura, Edgar V\u00e9lez Tirado.<\/strong><\/p>\n<p>En entrevista, adelant\u00f3 que, junto con el alcalde Eduardo Rivera P\u00e9rez, realizar\u00e1n un recorrido para verificar las condiciones de los caminos y sobe ello, determinar acciones.<\/p>\n<p><strong>\u201cHay avances, vamos a hacer una revisi\u00f3n con el alcalde y sobre ello haremos una definici\u00f3n con ciclov\u00edas y pasos peatonales\u201d.<\/strong><\/p>\n<p>Coment\u00f3 que las tareas a realizar se encuentran: conexi\u00f3n de las ciclovias, mantenimiento de las existentes, y nuevas, como el caso de Avenida San Claudio con la 14 sur.<\/p>\n<p><strong>\u201cSon algunas que se estamos trabajando estamos en la definici\u00f3n \u00a0y mantenimiento y s\u00ed es necesario porque hay muchas que los topes han sido retirados y ya se est\u00e1 trabajando\u201d.<\/strong><\/p>\n<p>Destac\u00f3 que a m\u00e1s tardar en febrero se lance una licitaci\u00f3n para que en marzo arranquen los trabajos.<\/p>\n<p><strong>\u201cYo espero que arranquemos en febrero la licitaci\u00f3n y marzo comencemos a trabajar\u201d.<\/strong><\/p>\n","protected":false},"excerpt":{"rendered":"<p>Mantenimiento y colocaci\u00f3n de nuevas ciclov\u00edas adem\u00e1s de pasos peatonales y cruces en la ciudad de Puebla iniciar\u00e1n en marzo con una inversi\u00f3n de 30 millones de pesos, anunci\u00f3 el titular de la Secretar\u00eda de Movilidad e Infraestructura, Edgar V\u00e9lez Tirado. En entrevista, adelant\u00f3 que, junto con el alcalde Eduardo Rivera P\u00e9rez, realizar\u00e1n un recorrido [&hellip;]<\/p>\n","protected":false},"author":9,"featured_media":332790,"comment_status":"open","ping_status":"open","sticky":false,"template":"","format":"standard","meta":{"footnotes":""},"categories":[83121,72263],"tags":[28013,995,19670,3113,76510,41,27,8254,21466],"yst_prominent_words":[31542,42848,30063,51448,30427,30027,54682,46168,31904],"class_list":["post-332785","post","type-post","status-publish","format-standard","has-post-thumbnail","hentry","category-ayuntamiento","category-capital","tag-30-millones-de-pesos","tag-ayuntamiento-de-puebla","tag-capital","tag-ciclovias","tag-edgar-velez-tirado","tag-es-noticia","tag-hoyesnoticia","tag-hoyesnoticiaapp","tag-secretaria-de-infraestructura-y-movilidad"],"_links":{"self":[{"href":"https:\/\/sintesis.com.mx\/puebla\/wp-json\/wp\/v2\/posts\/332785"}],"collection":[{"href":"https:\/\/sintesis.com.mx\/puebla\/wp-json\/wp\/v2\/posts"}],"about":[{"href":"https:\/\/sintesis.com.mx\/puebla\/wp-json\/wp\/v2\/types\/post"}],"author":[{"embeddable":true,"href":"https:\/\/sintesis.com.mx\/puebla\/wp-json\/wp\/v2\/users\/9"}],"replies":[{"embeddable":true,"href":"https:\/\/sintesis.com.mx\/puebla\/wp-json\/wp\/v2\/comments?post=332785"}],"version-history":[{"count":0,"href":"https:\/\/sintesis.com.mx\/puebla\/wp-json\/wp\/v2\/posts\/332785\/revisions"}],"wp:featuredmedia":[{"embeddable":true,"href":"https:\/\/sintesis.com.mx\/puebla\/wp-json\/wp\/v2\/media\/332790"}],"wp:attachment":[{"href":"https:\/\/sintesis.com.mx\/puebla\/wp-json\/wp\/v2\/media?parent=332785"}],"wp:term":[{"taxonomy":"category","embeddable":true,"href":"https:\/\/sintesis.com.mx\/puebla\/wp-json\/wp\/v2\/categories?post=332785"},{"taxonomy":"post_tag","embeddable":true,"href":"https:\/\/sintesis.com.mx\/puebla\/wp-json\/wp\/v2\/tags?post=332785"},{"taxonomy":"yst_prominent_words","embeddable":true,"href":"https:\/\/sintesis.com.mx\/puebla\/wp-json\/wp\/v2\/yst_prominent_words?post=332785"}],"curies":[{"name":"wp","href":"https:\/\/api.w.org\/{rel}","templated":true}]}}