{"id":334039,"date":"2023-02-08T11:42:29","date_gmt":"2023-02-08T17:42:29","guid":{"rendered":"https:\/\/sintesis.com.mx\/puebla\/?p=334039"},"modified":"2023-02-08T11:42:29","modified_gmt":"2023-02-08T17:42:29","slug":"puebla-covid-19","status":"publish","type":"post","link":"https:\/\/sintesis.com.mx\/puebla\/2023\/02\/08\/puebla-covid-19\/","title":{"rendered":"En Puebla hay mil 256 casos de covid-19"},"content":{"rendered":"<p>En Puebla hay mil 256 casos de covid-19, entre ambulatorios y hospitalizados distribuidos en 55 municipios, as\u00ed lo inform\u00f3 el secretario de Salud del gobierno estatal, <strong>Jos\u00e9 Antonio Mart\u00ednez Garc\u00eda.<\/strong><\/p>\n<p>Asimismo,<strong> dijo que en las \u00faltimas 24 horas se detectaron 34 nuevos contagios de coronavirus en la entidad poblana.<\/strong><\/p>\n<p>Por lo anterior el gobierno estatal, exhort\u00f3 a las y los poblanos a seguir usando cubrebocas, as\u00ed como emplear gel antimaterial y guardara distancia, conservar el lavado de mano.<\/p>\n<p>Adem\u00e1s de que durante las \u00faltimas horas se presentaron d\u00eda defunciones de personas que no estaban vacunadas.<\/p>\n<p><strong>\u00abExhorta la Secretar\u00eda de Salud a las y los poblanos a seguir con las medidas para prevenir el virus, tales como: lavado frecuente de manos, uso de cubrebocas, completar esquema de vacunaci\u00f3n\u00bb,<\/strong> destac\u00f3.<\/p>\n","protected":false},"excerpt":{"rendered":"<p>En Puebla hay mil 256 casos de covid-19, entre ambulatorios y hospitalizados distribuidos en 55 municipios, as\u00ed lo inform\u00f3 el secretario de Salud del gobierno estatal, Jos\u00e9 Antonio Mart\u00ednez Garc\u00eda. Asimismo, dijo que en las \u00faltimas 24 horas se detectaron 34 nuevos contagios de coronavirus en la entidad poblana. Por lo anterior el gobierno estatal, [&hellip;]<\/p>\n","protected":false},"author":26,"featured_media":0,"comment_status":"open","ping_status":"open","sticky":false,"template":"","format":"standard","meta":{"footnotes":""},"categories":[46849],"tags":[34956,43299,18,1853,23,8253,20668,40526],"yst_prominent_words":[35883,30091,29786,35986,48606,31433,29745],"class_list":["post-334039","post","type-post","status-publish","format-standard","hentry","category-salud","tag-covid-19","tag-jose-antonio-martinez-garcia","tag-puebla","tag-salud","tag-slide","tag-slideapp","tag-slider","tag-sliderapp"],"_links":{"self":[{"href":"https:\/\/sintesis.com.mx\/puebla\/wp-json\/wp\/v2\/posts\/334039"}],"collection":[{"href":"https:\/\/sintesis.com.mx\/puebla\/wp-json\/wp\/v2\/posts"}],"about":[{"href":"https:\/\/sintesis.com.mx\/puebla\/wp-json\/wp\/v2\/types\/post"}],"author":[{"embeddable":true,"href":"https:\/\/sintesis.com.mx\/puebla\/wp-json\/wp\/v2\/users\/26"}],"replies":[{"embeddable":true,"href":"https:\/\/sintesis.com.mx\/puebla\/wp-json\/wp\/v2\/comments?post=334039"}],"version-history":[{"count":0,"href":"https:\/\/sintesis.com.mx\/puebla\/wp-json\/wp\/v2\/posts\/334039\/revisions"}],"wp:attachment":[{"href":"https:\/\/sintesis.com.mx\/puebla\/wp-json\/wp\/v2\/media?parent=334039"}],"wp:term":[{"taxonomy":"category","embeddable":true,"href":"https:\/\/sintesis.com.mx\/puebla\/wp-json\/wp\/v2\/categories?post=334039"},{"taxonomy":"post_tag","embeddable":true,"href":"https:\/\/sintesis.com.mx\/puebla\/wp-json\/wp\/v2\/tags?post=334039"},{"taxonomy":"yst_prominent_words","embeddable":true,"href":"https:\/\/sintesis.com.mx\/puebla\/wp-json\/wp\/v2\/yst_prominent_words?post=334039"}],"curies":[{"name":"wp","href":"https:\/\/api.w.org\/{rel}","templated":true}]}}