{"id":335942,"date":"2023-02-20T22:49:53","date_gmt":"2023-02-21T04:49:53","guid":{"rendered":"https:\/\/sintesis.com.mx\/puebla\/?p=335942"},"modified":"2023-02-20T22:49:53","modified_gmt":"2023-02-21T04:49:53","slug":"canguros-al-nacional","status":"publish","type":"post","link":"https:\/\/sintesis.com.mx\/puebla\/2023\/02\/20\/canguros-al-nacional\/","title":{"rendered":"Canguros al nacional Juvenil A"},"content":{"rendered":"<p>Durante esta semana el <strong>Colegio Oviedo Sch\u00f6nthal<\/strong> tendr\u00e1 representaci\u00f3n en el Campeonato Nacional de basquetbol categor\u00eda Juvenil A de la Comisi\u00f3n Nacional Deportiva Estudiantil de Instituciones Privadas, mismo que tendr\u00e1 como sede el municipio poblano de Tehuac\u00e1n.<\/p>\n<p>Los Canguros COS, despu\u00e9s de participar en la Copa Alem\u00e1n 2023, certamen en donde obtuvieron resultados destacados en el gimnasio del Colegio Humboldt de Lomas Verdes, afrontaron la \u00faltima fase de la eliminatoria de Conadeip y, posteriormente, ya con boleto en mano a las finales, emprendieron el viaje a Tehuac\u00e1n, esto con el objetivo de competir como parte de los mejores equipos del pa\u00eds y, por supuesto, de disputar podios y medallas.<\/p>\n<p>En lo que respecta a la rama femenil, el equipo de Canguros del Colegio Oviedo Sch\u00f6nthal se encuentra dirigido por el coach H\u00e9ctor Garc\u00eda Bay\u00f3n, quien, en la cancha del Polideportivo La Huizachera, afrontar\u00e1 con su equipo tres compromisos en la fase de grupos.<\/p>\n<p>El equipo femenil de la categor\u00eda Juvenil A tendr\u00e1 su primer partido del certamen nacional de Conadeip ante el representativo del Colegio Sembradores de San Luis Potos\u00ed; posteriormente, en un partido entre equipos poblanos, Canguros COS se enfrentar\u00e1 ante el conjunto del Instituto Mexicano Madero; en el \u00faltimo partido de la fase de grupos el equipo comandado por el coach Bay\u00f3n rivalizar\u00e1 con su similar de IPEFH.<\/p>\n<p>Por otra parte, el equipo varonil, al mando del coach Edwen Arias P\u00e9rez, tendr\u00e1 tres partidos en la fase de grupos, misma que es la antesala a la etapa de eliminaci\u00f3n directa, la cual se llevar\u00e1 a cabo jueves, viernes y s\u00e1bado.<\/p>\n<p>En la etapa de grupos los Canguros del Colegio Oviedo Sch\u00f6nthal tendr\u00e1n tres compromisos y en ellos competir\u00e1n ante los conjuntos del Colegio San Patricio, IPEF y Colegio ITESBA de Celaya, Guanajuat<\/p>\n","protected":false},"excerpt":{"rendered":"<p>Durante esta semana el Colegio Oviedo Sch\u00f6nthal tendr\u00e1 representaci\u00f3n en el Campeonato Nacional de basquetbol categor\u00eda Juvenil A de la Comisi\u00f3n Nacional Deportiva Estudiantil de Instituciones Privadas, mismo que tendr\u00e1 como sede el municipio poblano de Tehuac\u00e1n. Los Canguros COS, despu\u00e9s de participar en la Copa Alem\u00e1n 2023, certamen en donde obtuvieron resultados destacados en [&hellip;]<\/p>\n","protected":false},"author":6,"featured_media":335943,"comment_status":"open","ping_status":"open","sticky":false,"template":"","format":"standard","meta":{"footnotes":""},"categories":[4],"tags":[1302,29,41,27,1455,84693,18],"yst_prominent_words":[30037,34530,53896,30831,33048,30262,30023,44688,30086],"class_list":["post-335942","post","type-post","status-publish","format-standard","has-post-thumbnail","hentry","category-deportes","tag-conadeip","tag-deportes","tag-es-noticia","tag-hoyesnoticia","tag-nacional","tag-oviedo-shc","tag-puebla"],"_links":{"self":[{"href":"https:\/\/sintesis.com.mx\/puebla\/wp-json\/wp\/v2\/posts\/335942"}],"collection":[{"href":"https:\/\/sintesis.com.mx\/puebla\/wp-json\/wp\/v2\/posts"}],"about":[{"href":"https:\/\/sintesis.com.mx\/puebla\/wp-json\/wp\/v2\/types\/post"}],"author":[{"embeddable":true,"href":"https:\/\/sintesis.com.mx\/puebla\/wp-json\/wp\/v2\/users\/6"}],"replies":[{"embeddable":true,"href":"https:\/\/sintesis.com.mx\/puebla\/wp-json\/wp\/v2\/comments?post=335942"}],"version-history":[{"count":0,"href":"https:\/\/sintesis.com.mx\/puebla\/wp-json\/wp\/v2\/posts\/335942\/revisions"}],"wp:featuredmedia":[{"embeddable":true,"href":"https:\/\/sintesis.com.mx\/puebla\/wp-json\/wp\/v2\/media\/335943"}],"wp:attachment":[{"href":"https:\/\/sintesis.com.mx\/puebla\/wp-json\/wp\/v2\/media?parent=335942"}],"wp:term":[{"taxonomy":"category","embeddable":true,"href":"https:\/\/sintesis.com.mx\/puebla\/wp-json\/wp\/v2\/categories?post=335942"},{"taxonomy":"post_tag","embeddable":true,"href":"https:\/\/sintesis.com.mx\/puebla\/wp-json\/wp\/v2\/tags?post=335942"},{"taxonomy":"yst_prominent_words","embeddable":true,"href":"https:\/\/sintesis.com.mx\/puebla\/wp-json\/wp\/v2\/yst_prominent_words?post=335942"}],"curies":[{"name":"wp","href":"https:\/\/api.w.org\/{rel}","templated":true}]}}